{"id":9887,"date":"2026-04-09T08:31:58","date_gmt":"2026-04-09T11:31:58","guid":{"rendered":"https:\/\/portaldeyoung.uy\/?p=9887"},"modified":"2026-04-10T07:46:17","modified_gmt":"2026-04-10T10:46:17","slug":"convocan-a-jornada-abierta-sobre-infancias-y-experiencias-traumaticas-en-casa-donato","status":"publish","type":"post","link":"https:\/\/portaldeyoung.uy\/index.php\/2026\/04\/09\/convocan-a-jornada-abierta-sobre-infancias-y-experiencias-traumaticas-en-casa-donato\/","title":{"rendered":"Convocan a jornada abierta sobre infancias y experiencias traum\u00e1ticas en Casa Donato"},"content":{"rendered":"\n<p>Desde el Portal de Young, la directora de CEPRODE INAU Young, Andrea Icasi, extendi\u00f3 la invitaci\u00f3n a participar de una jornada de formaci\u00f3n e intercambio que se realizar\u00e1 este viernes 10 de abril en el Centro Socio Cultural.<\/p>\n\n\n\n<p>La actividad, titulada <em>\u201cBuscando fortalecer nuestras estrategias de intervenci\u00f3n conjunta\u201d<\/em>, es organizada por la Direcci\u00f3n Departamental de R\u00edo Negro de INAU, CEPRODE Young y el CAFF Tendiendo Puentes, y estar\u00e1 enfocada en brindar herramientas para el abordaje comunitario de ni\u00f1os, ni\u00f1as y adolescentes con experiencias traum\u00e1ticas.<\/p>\n\n\n\n<p>Seg\u00fan explic\u00f3 Icasi, \u201cla idea es generar un espacio donde se brinden herramientas para el abordaje de estos temas\u201d, destacando adem\u00e1s que ser\u00e1 \u201cuna linda oportunidad para las instituciones vinculadas a INAU en Young y la zona norte\u201d.<\/p>\n\n\n\n<p>La propuesta contar\u00e1 con el aporte t\u00e9cnico del Centro de Traumotolog\u00eda CEPsTRA y se desarrollar\u00e1 en el horario de 8:30 a 13:00 horas, en el Centro Socio Cultural, ubicado en 18 de Julio y Salto.<\/p>\n\n\n\n<p>Icasi subray\u00f3 que la instancia matutina ser\u00e1 abierta a toda la comunidad: \u201cSe invita a colectivos organizados y a vecinos a quienes les importa entender por qu\u00e9 pasan estas situaciones; es una jornada abierta y de intercambio\u201d. En ese sentido, remarc\u00f3 que el objetivo es \u201cpoder comprender las reacciones emocionales de los ni\u00f1os o adolescentes\u201d.<\/p>\n\n\n\n<p>Asimismo, indic\u00f3 que por la tarde se llevar\u00e1 adelante una instancia cerrada dirigida a equipos de trabajo de CAIF, CEPRODE y centros juveniles.<\/p>\n\n\n\n<p>La convocatoria tambi\u00e9n est\u00e1 dirigida a integrantes de la red institucional con la que trabaja INAU, colectivos docentes de diferentes centros educativos y referentes de organizaciones sociales y deportivas, como equipos de baby f\u00fatbol, entre otros actores comunitarios.<\/p>\n\n\n\n<p>Nota <strong><em>AUDIO<\/em><\/strong>:<\/p>\n\n\n\n<figure class=\"wp-block-audio\"><audio controls src=\"https:\/\/portaldeyoung.uy\/wp-content\/uploads\/2026\/04\/Icasi-Andrea.mp3\"><\/audio><\/figure>\n","protected":false},"excerpt":{"rendered":"<p>Desde el Portal de Young, la directora de CEPRODE INAU Young, Andrea Icasi, extendi\u00f3 la invitaci\u00f3n a participar de una jornada de formaci\u00f3n e intercambio<\/p>\n","protected":false},"author":1,"featured_media":9320,"comment_status":"closed","ping_status":"open","sticky":false,"template":"","format":"standard","meta":{"advgb_blocks_editor_width":"","advgb_blocks_columns_visual_guide":"","footnotes":"","jetpack_publicize_message":"Desde el Portal de Young, la directora de CEPRODE INAU Young, Andrea Icasi, extendi\u00f3 la invitaci\u00f3n a participar de una jornada de formaci\u00f3n e intercambio que ...Lee la nota completa\ud83d\udc47","jetpack_publicize_feature_enabled":true,"jetpack_social_post_already_shared":false,"jetpack_social_options":{"image_generator_settings":{"template":"highway","default_image_id":0,"font":"","enabled":false},"version":2}},"categories":[4],"tags":[],"class_list":["post-9887","post","type-post","status-publish","format-standard","has-post-thumbnail","hentry","category-de-aca"],"author_meta":{"display_name":"Portal","author_link":"https:\/\/portaldeyoung.uy\/index.php\/author\/admin_port\/"},"featured_img":"https:\/\/portaldeyoung.uy\/wp-content\/uploads\/2026\/03\/nino-trauma-300x169.jpeg","jetpack_publicize_connections":[],"coauthors":[],"tax_additional":{"categories":{"linked":["<a href=\"https:\/\/portaldeyoung.uy\/index.php\/category\/de-aca\/\" class=\"advgb-post-tax-term\">De ac\u00e1<\/a>"],"unlinked":["<span class=\"advgb-post-tax-term\">De ac\u00e1<\/span>"]}},"comment_count":"0","relative_dates":{"created":"Publicado 3 semanas hace","modified":"Actualizado 3 semanas hace"},"absolute_dates":{"created":"Publicado el abril 9, 2026","modified":"Actualizado el abril 10, 2026"},"absolute_dates_time":{"created":"Publicado el abril 9, 2026 8:31 am","modified":"Actualizado el abril 10, 2026 7:46 am"},"featured_img_caption":"","series_order":"","_links":{"self":[{"href":"https:\/\/portaldeyoung.uy\/index.php\/wp-json\/wp\/v2\/posts\/9887","targetHints":{"allow":["GET"]}}],"collection":[{"href":"https:\/\/portaldeyoung.uy\/index.php\/wp-json\/wp\/v2\/posts"}],"about":[{"href":"https:\/\/portaldeyoung.uy\/index.php\/wp-json\/wp\/v2\/types\/post"}],"author":[{"embeddable":true,"href":"https:\/\/portaldeyoung.uy\/index.php\/wp-json\/wp\/v2\/users\/1"}],"replies":[{"embeddable":true,"href":"https:\/\/portaldeyoung.uy\/index.php\/wp-json\/wp\/v2\/comments?post=9887"}],"version-history":[{"count":1,"href":"https:\/\/portaldeyoung.uy\/index.php\/wp-json\/wp\/v2\/posts\/9887\/revisions"}],"predecessor-version":[{"id":9889,"href":"https:\/\/portaldeyoung.uy\/index.php\/wp-json\/wp\/v2\/posts\/9887\/revisions\/9889"}],"wp:featuredmedia":[{"embeddable":true,"href":"https:\/\/portaldeyoung.uy\/index.php\/wp-json\/wp\/v2\/media\/9320"}],"wp:attachment":[{"href":"https:\/\/portaldeyoung.uy\/index.php\/wp-json\/wp\/v2\/media?parent=9887"}],"wp:term":[{"taxonomy":"category","embeddable":true,"href":"https:\/\/portaldeyoung.uy\/index.php\/wp-json\/wp\/v2\/categories?post=9887"},{"taxonomy":"post_tag","embeddable":true,"href":"https:\/\/portaldeyoung.uy\/index.php\/wp-json\/wp\/v2\/tags?post=9887"}],"curies":[{"name":"wp","href":"https:\/\/api.w.org\/{rel}","templated":true}]}}