{"id":9884,"date":"2026-04-09T08:04:52","date_gmt":"2026-04-09T11:04:52","guid":{"rendered":"https:\/\/portaldeyoung.uy\/?p=9884"},"modified":"2026-04-13T01:40:21","modified_gmt":"2026-04-13T04:40:21","slug":"fue-presentado-en-young-el-programa-de-inclusion-uruguay-sin-barreras","status":"publish","type":"post","link":"https:\/\/portaldeyoung.uy\/index.php\/2026\/04\/09\/fue-presentado-en-young-el-programa-de-inclusion-uruguay-sin-barreras\/","title":{"rendered":"Fue presentado en Young el programa de inclusi\u00f3n \u00abUruguay sin Barreras\u00bb"},"content":{"rendered":"\n<p>En el marco de una instancia de trabajo orientada a fortalecer pol\u00edticas de inclusi\u00f3n, se desarroll\u00f3 una reuni\u00f3n entre la Subcomisi\u00f3n de Discapacidad y autoridades nacionales, con la participaci\u00f3n del director de la Direcci\u00f3n Nacional de Discapacidad, Federico Lezama, quien realiz\u00f3 su presentaci\u00f3n formal en el cargo y expuso las principales l\u00edneas de acci\u00f3n que se impulsan desde el organismo.<\/p>\n\n\n\n<p>Durante el encuentro se dio a conocer el programa \u201cUruguay sin Barreras\u201d, una iniciativa que apunta a promover comunidades m\u00e1s accesibles e inclusivas en todo el territorio. Entre sus ejes principales se destacan la elaboraci\u00f3n de planes departamentales y la formaci\u00f3n de promotores comunitarios de accesibilidad, con el objetivo de generar mayor sensibilizaci\u00f3n y acciones concretas en cada localidad.<\/p>\n\n\n\n<p>La reuni\u00f3n tambi\u00e9n sirvi\u00f3 como espacio de intercambio de experiencias y an\u00e1lisis de posibles acciones conjuntas, subrayando la relevancia de la articulaci\u00f3n interinstitucional para avanzar en pol\u00edticas p\u00fablicas vinculadas a la discapacidad, la inclusi\u00f3n y la accesibilidad.<\/p>\n\n\n\n<p>En la instancia participaron representantes locales, entre ellos la alcaldesa Ana Cecilia Rodr\u00edguez, junto a integrantes de la subcomisi\u00f3n, en un \u00e1mbito que reafirm\u00f3 el compromiso de continuar trabajando de forma coordinada en la tem\u00e1tica.<\/p>\n\n\n\n<p><em>*Foto Municipio<\/em><\/p>\n","protected":false},"excerpt":{"rendered":"<p>En el marco de una instancia de trabajo orientada a fortalecer pol\u00edticas de inclusi\u00f3n, se desarroll\u00f3 una reuni\u00f3n entre la Subcomisi\u00f3n de Discapacidad y autoridades<\/p>\n","protected":false},"author":1,"featured_media":9885,"comment_status":"closed","ping_status":"open","sticky":false,"template":"","format":"standard","meta":{"advgb_blocks_editor_width":"","advgb_blocks_columns_visual_guide":"","footnotes":"","jetpack_publicize_message":"En el marco de una instancia de trabajo orientada a fortalecer pol\u00edticas de inclusi\u00f3n, se desarroll\u00f3 una reuni\u00f3n entre la Subcomisi\u00f3n de Discapacidad y ...Lee la nota completa\ud83d\udc47","jetpack_publicize_feature_enabled":true,"jetpack_social_post_already_shared":false,"jetpack_social_options":{"image_generator_settings":{"template":"highway","default_image_id":0,"font":"","enabled":false},"version":2}},"categories":[28],"tags":[],"class_list":["post-9884","post","type-post","status-publish","format-standard","has-post-thumbnail","hentry","category-de-la-ciudad"],"author_meta":{"display_name":"Portal","author_link":"https:\/\/portaldeyoung.uy\/index.php\/author\/admin_port\/"},"featured_img":"https:\/\/portaldeyoung.uy\/wp-content\/uploads\/2026\/04\/discapacidad-reunion-300x169.jpg","jetpack_publicize_connections":[],"coauthors":[],"tax_additional":{"categories":{"linked":["<a href=\"https:\/\/portaldeyoung.uy\/index.php\/category\/de-la-ciudad\/\" class=\"advgb-post-tax-term\">De la ciudad<\/a>"],"unlinked":["<span class=\"advgb-post-tax-term\">De la ciudad<\/span>"]}},"comment_count":"0","relative_dates":{"created":"Publicado 3 semanas hace","modified":"Actualizado 3 semanas hace"},"absolute_dates":{"created":"Publicado el abril 9, 2026","modified":"Actualizado el abril 13, 2026"},"absolute_dates_time":{"created":"Publicado el abril 9, 2026 8:04 am","modified":"Actualizado el abril 13, 2026 1:40 am"},"featured_img_caption":"","series_order":"","_links":{"self":[{"href":"https:\/\/portaldeyoung.uy\/index.php\/wp-json\/wp\/v2\/posts\/9884","targetHints":{"allow":["GET"]}}],"collection":[{"href":"https:\/\/portaldeyoung.uy\/index.php\/wp-json\/wp\/v2\/posts"}],"about":[{"href":"https:\/\/portaldeyoung.uy\/index.php\/wp-json\/wp\/v2\/types\/post"}],"author":[{"embeddable":true,"href":"https:\/\/portaldeyoung.uy\/index.php\/wp-json\/wp\/v2\/users\/1"}],"replies":[{"embeddable":true,"href":"https:\/\/portaldeyoung.uy\/index.php\/wp-json\/wp\/v2\/comments?post=9884"}],"version-history":[{"count":1,"href":"https:\/\/portaldeyoung.uy\/index.php\/wp-json\/wp\/v2\/posts\/9884\/revisions"}],"predecessor-version":[{"id":9886,"href":"https:\/\/portaldeyoung.uy\/index.php\/wp-json\/wp\/v2\/posts\/9884\/revisions\/9886"}],"wp:featuredmedia":[{"embeddable":true,"href":"https:\/\/portaldeyoung.uy\/index.php\/wp-json\/wp\/v2\/media\/9885"}],"wp:attachment":[{"href":"https:\/\/portaldeyoung.uy\/index.php\/wp-json\/wp\/v2\/media?parent=9884"}],"wp:term":[{"taxonomy":"category","embeddable":true,"href":"https:\/\/portaldeyoung.uy\/index.php\/wp-json\/wp\/v2\/categories?post=9884"},{"taxonomy":"post_tag","embeddable":true,"href":"https:\/\/portaldeyoung.uy\/index.php\/wp-json\/wp\/v2\/tags?post=9884"}],"curies":[{"name":"wp","href":"https:\/\/api.w.org\/{rel}","templated":true}]}}