{"id":9881,"date":"2026-04-09T07:54:49","date_gmt":"2026-04-09T10:54:49","guid":{"rendered":"https:\/\/portaldeyoung.uy\/?p=9881"},"modified":"2026-04-13T01:41:05","modified_gmt":"2026-04-13T04:41:05","slug":"programa-de-apoyo-a-emprendedores-propone-la-intendencia-de-rio-negro","status":"publish","type":"post","link":"https:\/\/portaldeyoung.uy\/index.php\/2026\/04\/09\/programa-de-apoyo-a-emprendedores-propone-la-intendencia-de-rio-negro\/","title":{"rendered":"Programa de apoyo a emprendedores propone la Intendencia de R\u00edo Negro"},"content":{"rendered":"\n<p>La Fundaci\u00f3n Salto Grande y la Intendencia de R\u00edo Negro firmaron un acuerdo para poner en marcha un programa de apoyo a emprendedores en el departamento, que tendr\u00e1 como punto de partida la ciudad de Fray Bentos y su \u00e1rea de influencia.<\/p>\n\n\n\n<p>La propuesta busca consolidar y potenciar emprendimientos que ya se encuentran en actividad en el interior del pa\u00eds, extendiendo a R\u00edo Negro la experiencia que la Fundaci\u00f3n ha desarrollado en otras zonas.<\/p>\n\n\n\n<p>El programa est\u00e1 orientado a personas mayores de 18 a\u00f1os, con emprendimientos tanto formales como informales, haciendo especial \u00e9nfasis en aquellos que no tienen acceso al sistema financiero tradicional. En ese marco, se prev\u00e9 financiar hasta el 100% de inversiones en bienes o servicios, con un l\u00edmite de 50.000 pesos uruguayos, que podr\u00e1n devolverse en un plazo de hasta 20 cuotas mensuales sin inter\u00e9s.<\/p>\n\n\n\n<p>Uno de los aspectos destacados del mecanismo es que la Fundaci\u00f3n realizar\u00e1 directamente las compras a proveedores, evitando la entrega de dinero en efectivo y garantizando que los fondos sean destinados espec\u00edficamente al desarrollo de los proyectos.<\/p>\n\n\n\n<p>Los recursos podr\u00e1n aplicarse a la compra de maquinaria, mobiliario, mercader\u00eda, tecnolog\u00eda o capital de giro, as\u00ed como a la contrataci\u00f3n de servicios t\u00e9cnicos vinculados al crecimiento del emprendimiento. En contrapartida, no se permitir\u00e1 destinar los fondos a la cancelaci\u00f3n de deudas, pago de impuestos o adquisici\u00f3n de inmuebles, dado que el objetivo central es fomentar la inversi\u00f3n productiva.<\/p>\n\n\n\n<p>Las inscripciones se gestionar\u00e1n a trav\u00e9s de la Intendencia y de los Centros Pymes, que actuar\u00e1n como intermediarios con los interesados. Asimismo, se promover\u00e1 el trabajo conjunto con el Ministerio de Desarrollo Social para acompa\u00f1ar a los emprendedores durante el proceso.<\/p>\n\n\n\n<p>El plazo para postularse estar\u00e1 abierto hasta el 31 de mayo, mientras que se estima que los primeros apoyos comiencen a otorgarse en el mes de julio. En una segunda etapa, la iniciativa prev\u00e9 avanzar en nuevas l\u00edneas estrat\u00e9gicas orientadas al desarrollo productivo y la generaci\u00f3n de empleo en la regi\u00f3n.<\/p>\n","protected":false},"excerpt":{"rendered":"<p>La Fundaci\u00f3n Salto Grande y la Intendencia de R\u00edo Negro firmaron un acuerdo para poner en marcha un programa de apoyo a emprendedores en el<\/p>\n","protected":false},"author":1,"featured_media":9882,"comment_status":"closed","ping_status":"open","sticky":false,"template":"","format":"standard","meta":{"advgb_blocks_editor_width":"","advgb_blocks_columns_visual_guide":"","footnotes":"","jetpack_publicize_message":"La Fundaci\u00f3n Salto Grande y la Intendencia de R\u00edo Negro firmaron un acuerdo para poner en marcha un programa de apoyo a emprendedores en el departamento, que ...Lee la nota completa\ud83d\udc47","jetpack_publicize_feature_enabled":true,"jetpack_social_post_already_shared":false,"jetpack_social_options":{"image_generator_settings":{"template":"highway","default_image_id":0,"font":"","enabled":false},"version":2}},"categories":[29],"tags":[],"class_list":["post-9881","post","type-post","status-publish","format-standard","has-post-thumbnail","hentry","category-del-territorio"],"author_meta":{"display_name":"Portal","author_link":"https:\/\/portaldeyoung.uy\/index.php\/author\/admin_port\/"},"featured_img":"https:\/\/portaldeyoung.uy\/wp-content\/uploads\/2026\/04\/Conferencia-IRN-300x154.png","jetpack_publicize_connections":[],"coauthors":[],"tax_additional":{"categories":{"linked":["<a href=\"https:\/\/portaldeyoung.uy\/index.php\/category\/del-territorio\/\" class=\"advgb-post-tax-term\">Del territorio<\/a>"],"unlinked":["<span class=\"advgb-post-tax-term\">Del territorio<\/span>"]}},"comment_count":"0","relative_dates":{"created":"Publicado 3 semanas hace","modified":"Actualizado 2 semanas hace"},"absolute_dates":{"created":"Publicado el abril 9, 2026","modified":"Actualizado el abril 13, 2026"},"absolute_dates_time":{"created":"Publicado el abril 9, 2026 7:54 am","modified":"Actualizado el abril 13, 2026 1:41 am"},"featured_img_caption":"","series_order":"","_links":{"self":[{"href":"https:\/\/portaldeyoung.uy\/index.php\/wp-json\/wp\/v2\/posts\/9881","targetHints":{"allow":["GET"]}}],"collection":[{"href":"https:\/\/portaldeyoung.uy\/index.php\/wp-json\/wp\/v2\/posts"}],"about":[{"href":"https:\/\/portaldeyoung.uy\/index.php\/wp-json\/wp\/v2\/types\/post"}],"author":[{"embeddable":true,"href":"https:\/\/portaldeyoung.uy\/index.php\/wp-json\/wp\/v2\/users\/1"}],"replies":[{"embeddable":true,"href":"https:\/\/portaldeyoung.uy\/index.php\/wp-json\/wp\/v2\/comments?post=9881"}],"version-history":[{"count":1,"href":"https:\/\/portaldeyoung.uy\/index.php\/wp-json\/wp\/v2\/posts\/9881\/revisions"}],"predecessor-version":[{"id":9883,"href":"https:\/\/portaldeyoung.uy\/index.php\/wp-json\/wp\/v2\/posts\/9881\/revisions\/9883"}],"wp:featuredmedia":[{"embeddable":true,"href":"https:\/\/portaldeyoung.uy\/index.php\/wp-json\/wp\/v2\/media\/9882"}],"wp:attachment":[{"href":"https:\/\/portaldeyoung.uy\/index.php\/wp-json\/wp\/v2\/media?parent=9881"}],"wp:term":[{"taxonomy":"category","embeddable":true,"href":"https:\/\/portaldeyoung.uy\/index.php\/wp-json\/wp\/v2\/categories?post=9881"},{"taxonomy":"post_tag","embeddable":true,"href":"https:\/\/portaldeyoung.uy\/index.php\/wp-json\/wp\/v2\/tags?post=9881"}],"curies":[{"name":"wp","href":"https:\/\/api.w.org\/{rel}","templated":true}]}}