{"id":9868,"date":"2026-04-09T07:20:49","date_gmt":"2026-04-09T10:20:49","guid":{"rendered":"https:\/\/portaldeyoung.uy\/?p=9868"},"modified":"2026-04-09T07:20:51","modified_gmt":"2026-04-09T10:20:51","slug":"un-fallecido-en-maldonado-por-ciclon-extratropical","status":"publish","type":"post","link":"https:\/\/portaldeyoung.uy\/index.php\/2026\/04\/09\/un-fallecido-en-maldonado-por-ciclon-extratropical\/","title":{"rendered":"Un fallecido en Maldonado por cicl\u00f3n extratropical"},"content":{"rendered":"\n<p>Canelones, Maldonado y Rocha fueron los departamentos m\u00e1s afectados.<\/p>\n\n\n\n<p>El cicl\u00f3n extratropical que afect\u00f3 Uruguay en la noche del martes y la madrugada de este mi\u00e9rcoles dej\u00f3 un fallecido, viviendas afectadas y muchos hogares sin luz.<\/p>\n\n\n\n<p>Seg\u00fan inform\u00f3 la Intendencia de Maldonado, la ca\u00edda de un \u00e1rbol provoc\u00f3 un accidente en el que perdi\u00f3 la vida una persona, al tiempo que las ramas que cayeron en diversos lugares afectaron infraestructura de manera parcial.<\/p>\n\n\n\n<p>Dentro de los lugares m\u00e1s afectados se encuentra la ciudad de Punta del Este.<\/p>\n\n\n\n<p>En Montevideo, seg\u00fan inform\u00f3 la Direcci\u00f3n Nacional de Bomberos, la ca\u00edda de una rama de gran porte sobre dos viviendas provoc\u00f3 el colapso parcial de sus estructuras y dej\u00f3 cuatro personas atrapadas en el interior.<\/p>\n\n\n\n<p>Todas fueron rescatadas con \u00e9xito y dos de ellas debieron ser trasladadas a centros de salud por las lesiones sufridas.<\/p>\n\n\n\n<p>Mientras tanto, la empresa estatal UTE inform\u00f3 que el cicl\u00f3n afect\u00f3 el servicio de 232.000 clientes y pidi\u00f3 a la poblaci\u00f3n extremar precauciones con los cables que se encuentra ca\u00eddos.<\/p>\n\n\n\n<p>Desde las 22:30 horas hasta las 6:00 Montevideo y los departamentos de Canelones, Maldonado y Rocha se encontraban bajo alerta naranja por vientos fuertes y muy persistentes de entre 60 y 70 kil\u00f3metros por hora, con rachas entre 80- 130 kil\u00f3metros por hora.<\/p>\n\n\n\n<p>En las primeras horas de la ma\u00f1ana, el Instituto Uruguayo de Meteorolog\u00eda (Inumet) actualiz\u00f3 sus alertas y dej\u00f3 una de color amarillo para el litoral este del pa\u00eds, aunque posteriormente cesaron dichas alertas.<\/p>\n\n\n\n<p><em>*Texto: EFE &#8211; Foto: Pablo Vignali\/adhocFotos<\/em><\/p>\n","protected":false},"excerpt":{"rendered":"<p>Canelones, Maldonado y Rocha fueron los departamentos m\u00e1s afectados. El cicl\u00f3n extratropical que afect\u00f3 Uruguay en la noche del martes y la madrugada de este<\/p>\n","protected":false},"author":1,"featured_media":9869,"comment_status":"closed","ping_status":"open","sticky":false,"template":"","format":"standard","meta":{"advgb_blocks_editor_width":"","advgb_blocks_columns_visual_guide":"","footnotes":"","jetpack_publicize_message":"Seg\u00fan inform\u00f3 la Intendencia de Maldonado, la ca\u00edda de un \u00e1rbol provoc\u00f3 un accidente en el que perdi\u00f3 la vida una ...Lee la nota completa\ud83d\udc47","jetpack_publicize_feature_enabled":true,"jetpack_social_post_already_shared":false,"jetpack_social_options":{"image_generator_settings":{"template":"highway","default_image_id":0,"font":"","enabled":false},"version":2}},"categories":[7],"tags":[],"class_list":["post-9868","post","type-post","status-publish","format-standard","has-post-thumbnail","hentry","category-del-pais"],"author_meta":{"display_name":"Portal","author_link":"https:\/\/portaldeyoung.uy\/index.php\/author\/admin_port\/"},"featured_img":"https:\/\/portaldeyoung.uy\/wp-content\/uploads\/2026\/04\/ciclon-extratropical-1-300x147.png","jetpack_publicize_connections":[],"coauthors":[],"tax_additional":{"categories":{"linked":["<a href=\"https:\/\/portaldeyoung.uy\/index.php\/category\/del-pais\/\" class=\"advgb-post-tax-term\">Del pa\u00eds<\/a>"],"unlinked":["<span class=\"advgb-post-tax-term\">Del pa\u00eds<\/span>"]}},"comment_count":"0","relative_dates":{"created":"Publicado 3 semanas hace","modified":"Actualizado 3 semanas hace"},"absolute_dates":{"created":"Publicado el abril 9, 2026","modified":"Actualizado el abril 9, 2026"},"absolute_dates_time":{"created":"Publicado el abril 9, 2026 7:20 am","modified":"Actualizado el abril 9, 2026 7:20 am"},"featured_img_caption":"","series_order":"","_links":{"self":[{"href":"https:\/\/portaldeyoung.uy\/index.php\/wp-json\/wp\/v2\/posts\/9868","targetHints":{"allow":["GET"]}}],"collection":[{"href":"https:\/\/portaldeyoung.uy\/index.php\/wp-json\/wp\/v2\/posts"}],"about":[{"href":"https:\/\/portaldeyoung.uy\/index.php\/wp-json\/wp\/v2\/types\/post"}],"author":[{"embeddable":true,"href":"https:\/\/portaldeyoung.uy\/index.php\/wp-json\/wp\/v2\/users\/1"}],"replies":[{"embeddable":true,"href":"https:\/\/portaldeyoung.uy\/index.php\/wp-json\/wp\/v2\/comments?post=9868"}],"version-history":[{"count":1,"href":"https:\/\/portaldeyoung.uy\/index.php\/wp-json\/wp\/v2\/posts\/9868\/revisions"}],"predecessor-version":[{"id":9870,"href":"https:\/\/portaldeyoung.uy\/index.php\/wp-json\/wp\/v2\/posts\/9868\/revisions\/9870"}],"wp:featuredmedia":[{"embeddable":true,"href":"https:\/\/portaldeyoung.uy\/index.php\/wp-json\/wp\/v2\/media\/9869"}],"wp:attachment":[{"href":"https:\/\/portaldeyoung.uy\/index.php\/wp-json\/wp\/v2\/media?parent=9868"}],"wp:term":[{"taxonomy":"category","embeddable":true,"href":"https:\/\/portaldeyoung.uy\/index.php\/wp-json\/wp\/v2\/categories?post=9868"},{"taxonomy":"post_tag","embeddable":true,"href":"https:\/\/portaldeyoung.uy\/index.php\/wp-json\/wp\/v2\/tags?post=9868"}],"curies":[{"name":"wp","href":"https:\/\/api.w.org\/{rel}","templated":true}]}}