{"id":9866,"date":"2026-04-09T07:16:27","date_gmt":"2026-04-09T10:16:27","guid":{"rendered":"https:\/\/portaldeyoung.uy\/?p=9866"},"modified":"2026-04-09T07:17:01","modified_gmt":"2026-04-09T10:17:01","slug":"olivera-se-reunio-con-orsi-y-le-planteo-la-posibilidad-de-relocalizar-la-planta-de-hidrogeno-verde-en-paysandu","status":"publish","type":"post","link":"https:\/\/portaldeyoung.uy\/index.php\/2026\/04\/09\/olivera-se-reunio-con-orsi-y-le-planteo-la-posibilidad-de-relocalizar-la-planta-de-hidrogeno-verde-en-paysandu\/","title":{"rendered":"Olivera se reuni\u00f3 con Orsi y le plante\u00f3 la posibilidad de relocalizar la planta de hidr\u00f3geno verde en Paysand\u00fa"},"content":{"rendered":"\n<p>El nuevo predio deber\u00e1 ofrecer ventajas log\u00edsticas, afirm\u00f3 el intendente de Paysand\u00fa, y como posibilidad, se maneja un predio de Ancap en el departamento. \u00abSi eso descomprime la situaci\u00f3n con Argentina mejor\u00bb, destac\u00f3.<\/p>\n\n\n\n<p>El intendente de <strong>Paysand\u00fa<\/strong>, Nicol\u00e1s Olivera, indic\u00f3 este mi\u00e9rcoles que se maneja la posible relocalizaci\u00f3n de la planta de hidr\u00f3geno verde que la empresa <strong>HIF<\/strong> proyecta construir en Uruguay, pero en otro punto del departamento.<\/p>\n\n\n\n<p>Olivera se reuni\u00f3 con Orsi en Torre Ejecutiva sobre la situaci\u00f3n del empleo y de la sostenibilidad de la industria en Paysand\u00fa. Sobre el proyecto de HIF, el intendente dijo que \u00ababre una luz de esperanza en lo que tiene que ver con la posible mayor inversi\u00f3n en la historia de nuestro pa\u00eds\u00bb.<\/p>\n\n\n\n<p>Con respecto a la relocalizaci\u00f3n de la planta de hidr\u00f3geno verde, Olivera sostuvo que \u00abel gobierno ha mostrado sensibilidad\u00bb y que le preocupaci\u00f3n es que se pueda llegar a dar las condiciones en materia de costos de energ\u00eda para que el proyecto sea viable.<\/p>\n\n\n\n<p>Olivera afirm\u00f3 que el nuevo predio deber\u00e1 ofrecer ventajas log\u00edsticas. Como posibilidad, se maneja un predio de Ancap. \u00abHay un buen panorama para adelante\u00bb, indic\u00f3. El intendente cree en la viabilidad del proyecto y asegur\u00f3 que se trabaja para concretarlo.<\/p>\n\n\n\n<p>La relocalizaci\u00f3n contemplar\u00eda el planteo de las autoridades de la provincia de Entre R\u00edos, pero reivindicando la soberan\u00eda uruguaya para decidir las inversiones y d\u00f3nde ubicarlas. \u00abLa relocalizaci\u00f3n responde a encontrar entre el Estado, el gobierno, la Intendencia y la empresa un lugar que ofrezca las mismas o mejores condiciones de las propuestas por el proyecto y que si eso descomprime la situaci\u00f3n con Argentina mejor\u00bb, remarc\u00f3.<\/p>\n\n\n\n<p><em>*Subrayado<\/em><\/p>\n","protected":false},"excerpt":{"rendered":"<p>El nuevo predio deber\u00e1 ofrecer ventajas log\u00edsticas, afirm\u00f3 el intendente de Paysand\u00fa, y como posibilidad, se maneja un predio de Ancap en el departamento. \u00abSi<\/p>\n","protected":false},"author":1,"featured_media":6003,"comment_status":"closed","ping_status":"open","sticky":false,"template":"","format":"standard","meta":{"advgb_blocks_editor_width":"","advgb_blocks_columns_visual_guide":"","footnotes":"","jetpack_publicize_message":"El nuevo predio deber\u00e1 ofrecer ventajas log\u00edsticas, afirm\u00f3 el intendente de Paysand\u00fa, y como posibilidad, se maneja un predio de Ancap en el departamento.,,Lee la nota completa\ud83d\udc47","jetpack_publicize_feature_enabled":true,"jetpack_social_post_already_shared":false,"jetpack_social_options":{"image_generator_settings":{"template":"highway","default_image_id":0,"font":"","enabled":false},"version":2}},"categories":[7],"tags":[],"class_list":["post-9866","post","type-post","status-publish","format-standard","has-post-thumbnail","hentry","category-del-pais"],"author_meta":{"display_name":"Portal","author_link":"https:\/\/portaldeyoung.uy\/index.php\/author\/admin_port\/"},"featured_img":"https:\/\/portaldeyoung.uy\/wp-content\/uploads\/2025\/11\/HIF-Global-300x190.png","jetpack_publicize_connections":[],"coauthors":[],"tax_additional":{"categories":{"linked":["<a href=\"https:\/\/portaldeyoung.uy\/index.php\/category\/del-pais\/\" class=\"advgb-post-tax-term\">Del pa\u00eds<\/a>"],"unlinked":["<span class=\"advgb-post-tax-term\">Del pa\u00eds<\/span>"]}},"comment_count":"0","relative_dates":{"created":"Publicado 3 semanas hace","modified":"Actualizado 3 semanas hace"},"absolute_dates":{"created":"Publicado el abril 9, 2026","modified":"Actualizado el abril 9, 2026"},"absolute_dates_time":{"created":"Publicado el abril 9, 2026 7:16 am","modified":"Actualizado el abril 9, 2026 7:17 am"},"featured_img_caption":"","series_order":"","_links":{"self":[{"href":"https:\/\/portaldeyoung.uy\/index.php\/wp-json\/wp\/v2\/posts\/9866","targetHints":{"allow":["GET"]}}],"collection":[{"href":"https:\/\/portaldeyoung.uy\/index.php\/wp-json\/wp\/v2\/posts"}],"about":[{"href":"https:\/\/portaldeyoung.uy\/index.php\/wp-json\/wp\/v2\/types\/post"}],"author":[{"embeddable":true,"href":"https:\/\/portaldeyoung.uy\/index.php\/wp-json\/wp\/v2\/users\/1"}],"replies":[{"embeddable":true,"href":"https:\/\/portaldeyoung.uy\/index.php\/wp-json\/wp\/v2\/comments?post=9866"}],"version-history":[{"count":1,"href":"https:\/\/portaldeyoung.uy\/index.php\/wp-json\/wp\/v2\/posts\/9866\/revisions"}],"predecessor-version":[{"id":9867,"href":"https:\/\/portaldeyoung.uy\/index.php\/wp-json\/wp\/v2\/posts\/9866\/revisions\/9867"}],"wp:featuredmedia":[{"embeddable":true,"href":"https:\/\/portaldeyoung.uy\/index.php\/wp-json\/wp\/v2\/media\/6003"}],"wp:attachment":[{"href":"https:\/\/portaldeyoung.uy\/index.php\/wp-json\/wp\/v2\/media?parent=9866"}],"wp:term":[{"taxonomy":"category","embeddable":true,"href":"https:\/\/portaldeyoung.uy\/index.php\/wp-json\/wp\/v2\/categories?post=9866"},{"taxonomy":"post_tag","embeddable":true,"href":"https:\/\/portaldeyoung.uy\/index.php\/wp-json\/wp\/v2\/tags?post=9866"}],"curies":[{"name":"wp","href":"https:\/\/api.w.org\/{rel}","templated":true}]}}