{"id":9796,"date":"2026-04-07T07:33:19","date_gmt":"2026-04-07T10:33:19","guid":{"rendered":"https:\/\/portaldeyoung.uy\/?p=9796"},"modified":"2026-04-07T07:33:21","modified_gmt":"2026-04-07T10:33:21","slug":"el-capitan-miranda-inicia-su-viaje-de-instruccion","status":"publish","type":"post","link":"https:\/\/portaldeyoung.uy\/index.php\/2026\/04\/07\/el-capitan-miranda-inicia-su-viaje-de-instruccion\/","title":{"rendered":"El Capit\u00e1n Miranda inicia su viaje de instrucci\u00f3n"},"content":{"rendered":"\n<p>El velero escuela ROU 20 parti\u00f3 desde Montevideo con 81 tripulantes. En seis meses visitar\u00e1 13 puertos de Am\u00e9rica y Europa.<\/p>\n\n\n\n<p>En la ceremonia estuvieron presentes el presidente Yamand\u00fa Orsi; la ministra de Defensa Nacional, Sandra Lazo; el ministro de Turismo, Pablo Menoni; el comandante en jefe de la Armada Nacional, Jos\u00e9 Luis Elizondo, y familiares de los tripulantes.<\/p>\n\n\n\n<p>Orsi, junto a las autoridades, salud\u00f3 a representantes de la tripulaci\u00f3n minutos antes de la partida hacia el puerto de Fortaleza, Brasil.<\/p>\n\n\n\n<p>El velero cuenta con 81 tripulantes, entre oficiales, guardiamarinas en instrucci\u00f3n, personal subalterno e invitados nacionales y extranjeros. Se prev\u00e9 que arribe a 13 puertos de Brasil, Curazao, M\u00e9xico, Estados Unidos, Portugal y Espa\u00f1a, y que regrese a Uruguay el lunes 21 de septiembre de 2026.<\/p>\n\n\n\n<p>Este velero cumple dos funciones esenciales. Por un lado, oficia de buque escuela, en el que se completa la formaci\u00f3n de los oficiales que egresan de la Escuela Naval. Por otro, es un instrumento \u201ccomunicacional y diplom\u00e1tico\u201d, seg\u00fan explic\u00f3 la Armada Nacional en un comunicado.<\/p>\n\n\n\n<p>El comandante de la embarcaci\u00f3n, Gabriel Calimaris, tiene m\u00e1s de 25 a\u00f1os de experiencia en operaciones navales, comando de unidades, gesti\u00f3n estrat\u00e9gica, formaci\u00f3n y conducci\u00f3n de personal, trayectoria en misiones internacionales, cooperaci\u00f3n con marinas extranjeras y organismos internacionales.<\/p>\n\n\n\n<p>*<em>Fuente y foto: Presidencia<\/em><\/p>\n","protected":false},"excerpt":{"rendered":"<p>El velero escuela ROU 20 parti\u00f3 desde Montevideo con 81 tripulantes. En seis meses visitar\u00e1 13 puertos de Am\u00e9rica y Europa. En la ceremonia estuvieron<\/p>\n","protected":false},"author":1,"featured_media":9798,"comment_status":"closed","ping_status":"open","sticky":false,"template":"","format":"standard","meta":{"advgb_blocks_editor_width":"","advgb_blocks_columns_visual_guide":"","footnotes":"","jetpack_publicize_message":"El velero escuela ROU 20 parti\u00f3 desde Montevideo con 81 tripulantes. En seis meses visitar\u00e1 13 puertos de Am\u00e9rica y Europa...Lee la nota completa\ud83d\udc47","jetpack_publicize_feature_enabled":true,"jetpack_social_post_already_shared":false,"jetpack_social_options":{"image_generator_settings":{"template":"highway","default_image_id":0,"font":"","enabled":false},"version":2}},"categories":[7],"tags":[],"class_list":["post-9796","post","type-post","status-publish","format-standard","has-post-thumbnail","hentry","category-del-pais"],"author_meta":{"display_name":"Portal","author_link":"https:\/\/portaldeyoung.uy\/index.php\/author\/admin_port\/"},"featured_img":"https:\/\/portaldeyoung.uy\/wp-content\/uploads\/2026\/04\/capitan-Miranda-300x148.png","jetpack_publicize_connections":[],"coauthors":[],"tax_additional":{"categories":{"linked":["<a href=\"https:\/\/portaldeyoung.uy\/index.php\/category\/del-pais\/\" class=\"advgb-post-tax-term\">Del pa\u00eds<\/a>"],"unlinked":["<span class=\"advgb-post-tax-term\">Del pa\u00eds<\/span>"]}},"comment_count":"0","relative_dates":{"created":"Publicado 3 semanas hace","modified":"Actualizado 3 semanas hace"},"absolute_dates":{"created":"Publicado el abril 7, 2026","modified":"Actualizado el abril 7, 2026"},"absolute_dates_time":{"created":"Publicado el abril 7, 2026 7:33 am","modified":"Actualizado el abril 7, 2026 7:33 am"},"featured_img_caption":"","series_order":"","_links":{"self":[{"href":"https:\/\/portaldeyoung.uy\/index.php\/wp-json\/wp\/v2\/posts\/9796","targetHints":{"allow":["GET"]}}],"collection":[{"href":"https:\/\/portaldeyoung.uy\/index.php\/wp-json\/wp\/v2\/posts"}],"about":[{"href":"https:\/\/portaldeyoung.uy\/index.php\/wp-json\/wp\/v2\/types\/post"}],"author":[{"embeddable":true,"href":"https:\/\/portaldeyoung.uy\/index.php\/wp-json\/wp\/v2\/users\/1"}],"replies":[{"embeddable":true,"href":"https:\/\/portaldeyoung.uy\/index.php\/wp-json\/wp\/v2\/comments?post=9796"}],"version-history":[{"count":1,"href":"https:\/\/portaldeyoung.uy\/index.php\/wp-json\/wp\/v2\/posts\/9796\/revisions"}],"predecessor-version":[{"id":9799,"href":"https:\/\/portaldeyoung.uy\/index.php\/wp-json\/wp\/v2\/posts\/9796\/revisions\/9799"}],"wp:featuredmedia":[{"embeddable":true,"href":"https:\/\/portaldeyoung.uy\/index.php\/wp-json\/wp\/v2\/media\/9798"}],"wp:attachment":[{"href":"https:\/\/portaldeyoung.uy\/index.php\/wp-json\/wp\/v2\/media?parent=9796"}],"wp:term":[{"taxonomy":"category","embeddable":true,"href":"https:\/\/portaldeyoung.uy\/index.php\/wp-json\/wp\/v2\/categories?post=9796"},{"taxonomy":"post_tag","embeddable":true,"href":"https:\/\/portaldeyoung.uy\/index.php\/wp-json\/wp\/v2\/tags?post=9796"}],"curies":[{"name":"wp","href":"https:\/\/api.w.org\/{rel}","templated":true}]}}