{"id":9791,"date":"2026-04-07T07:24:19","date_gmt":"2026-04-07T10:24:19","guid":{"rendered":"https:\/\/portaldeyoung.uy\/?p=9791"},"modified":"2026-04-07T07:26:11","modified_gmt":"2026-04-07T10:26:11","slug":"dos-mujeres-eran-retenidas-en-una-casa-victimas-de-agresiones-y-abuso-sexual-dos-menores-derivados-a-inau","status":"publish","type":"post","link":"https:\/\/portaldeyoung.uy\/index.php\/2026\/04\/07\/dos-mujeres-eran-retenidas-en-una-casa-victimas-de-agresiones-y-abuso-sexual-dos-menores-derivados-a-inau\/","title":{"rendered":"Dos mujeres eran retenidas en una casa, v\u00edctimas de agresiones y abuso sexual; dos menores derivados a INAU"},"content":{"rendered":"\n<p>El caso grave de violencia de g\u00e9nero y privaci\u00f3n de libertad ocurri\u00f3 en la localidad de 18 de Mayo, Canelones.<\/p>\n\n\n\n<p>Un hombre de 40 a\u00f1os fue imputado por tentativa de femicidio al retener a una mujer contra su voluntad y someterla a agresiones f\u00edsicas constantes en una vivienda de <strong>18 de Mayo<\/strong>, en el departamento de Canelones.<\/p>\n\n\n\n<p>El caso fue denunciado ante la Polic\u00eda por la mujer que logr\u00f3 fugarse del lugar. La Comisar\u00eda Especializada en Violencia Dom\u00e9stica y G\u00e9nero de Las Piedras se hizo cargo de las actuaciones.<\/p>\n\n\n\n<p>La Polic\u00eda allan\u00f3 el domicilio y logr\u00f3 detener al agresor, quien intent\u00f3 resistirse. El personal policial asisti\u00f3 a una segunda mujer en la vivienda, que se encontraba en las mismas condiciones, y deriv\u00f3 a dos menores, hijos del hombre, a un centro asistencial para su valoraci\u00f3n m\u00e9dica y la Justicia dispuso que quedaran al amparo del INAU.<\/p>\n\n\n\n<p>En la casa, Polic\u00eda Cient\u00edfica encontr\u00f3 elementos que corroboraron el entorno de violencia y el suministro de sustancias controladas, entre otras pruebas.<\/p>\n\n\n\n<p>Tras la audiencia judicial, se dispuso la imputaci\u00f3n del hombre por homicidio muy especialmente agravado por femicidio en grado de tentativa, reiterados delitos de violencia dom\u00e9stica agravada, <strong>abuso sexual<\/strong> especialmente agravado y suministro de estupefacientes. Como medida cautelar ir\u00e1 a prisi\u00f3n preventiva por 180 d\u00edas, mientras contin\u00faa la investigaci\u00f3n.<\/p>\n","protected":false},"excerpt":{"rendered":"<p>El caso grave de violencia de g\u00e9nero y privaci\u00f3n de libertad ocurri\u00f3 en la localidad de 18 de Mayo, Canelones. Un hombre de 40 a\u00f1os<\/p>\n","protected":false},"author":1,"featured_media":9792,"comment_status":"closed","ping_status":"open","sticky":false,"template":"","format":"standard","meta":{"advgb_blocks_editor_width":"","advgb_blocks_columns_visual_guide":"","footnotes":"","jetpack_publicize_message":"La Polic\u00eda allan\u00f3 el domicilio y logr\u00f3 detener al agresor, quien intent\u00f3 resistirse. El personal policial asisti\u00f3 a una segunda mujer en la vivienda, que se ...Lee la nota completa\ud83d\udc47","jetpack_publicize_feature_enabled":true,"jetpack_social_post_already_shared":false,"jetpack_social_options":{"image_generator_settings":{"template":"highway","default_image_id":0,"font":"","enabled":false},"version":2}},"categories":[7],"tags":[],"class_list":["post-9791","post","type-post","status-publish","format-standard","has-post-thumbnail","hentry","category-del-pais"],"author_meta":{"display_name":"Portal","author_link":"https:\/\/portaldeyoung.uy\/index.php\/author\/admin_port\/"},"featured_img":"https:\/\/portaldeyoung.uy\/wp-content\/uploads\/2026\/04\/policia-22-300x193.png","jetpack_publicize_connections":[],"coauthors":[],"tax_additional":{"categories":{"linked":["<a href=\"https:\/\/portaldeyoung.uy\/index.php\/category\/del-pais\/\" class=\"advgb-post-tax-term\">Del pa\u00eds<\/a>"],"unlinked":["<span class=\"advgb-post-tax-term\">Del pa\u00eds<\/span>"]}},"comment_count":"0","relative_dates":{"created":"Publicado 4 semanas hace","modified":"Actualizado 4 semanas hace"},"absolute_dates":{"created":"Publicado el abril 7, 2026","modified":"Actualizado el abril 7, 2026"},"absolute_dates_time":{"created":"Publicado el abril 7, 2026 7:24 am","modified":"Actualizado el abril 7, 2026 7:26 am"},"featured_img_caption":"","series_order":"","_links":{"self":[{"href":"https:\/\/portaldeyoung.uy\/index.php\/wp-json\/wp\/v2\/posts\/9791","targetHints":{"allow":["GET"]}}],"collection":[{"href":"https:\/\/portaldeyoung.uy\/index.php\/wp-json\/wp\/v2\/posts"}],"about":[{"href":"https:\/\/portaldeyoung.uy\/index.php\/wp-json\/wp\/v2\/types\/post"}],"author":[{"embeddable":true,"href":"https:\/\/portaldeyoung.uy\/index.php\/wp-json\/wp\/v2\/users\/1"}],"replies":[{"embeddable":true,"href":"https:\/\/portaldeyoung.uy\/index.php\/wp-json\/wp\/v2\/comments?post=9791"}],"version-history":[{"count":1,"href":"https:\/\/portaldeyoung.uy\/index.php\/wp-json\/wp\/v2\/posts\/9791\/revisions"}],"predecessor-version":[{"id":9793,"href":"https:\/\/portaldeyoung.uy\/index.php\/wp-json\/wp\/v2\/posts\/9791\/revisions\/9793"}],"wp:featuredmedia":[{"embeddable":true,"href":"https:\/\/portaldeyoung.uy\/index.php\/wp-json\/wp\/v2\/media\/9792"}],"wp:attachment":[{"href":"https:\/\/portaldeyoung.uy\/index.php\/wp-json\/wp\/v2\/media?parent=9791"}],"wp:term":[{"taxonomy":"category","embeddable":true,"href":"https:\/\/portaldeyoung.uy\/index.php\/wp-json\/wp\/v2\/categories?post=9791"},{"taxonomy":"post_tag","embeddable":true,"href":"https:\/\/portaldeyoung.uy\/index.php\/wp-json\/wp\/v2\/tags?post=9791"}],"curies":[{"name":"wp","href":"https:\/\/api.w.org\/{rel}","templated":true}]}}