{"id":9758,"date":"2026-04-06T07:00:48","date_gmt":"2026-04-06T10:00:48","guid":{"rendered":"https:\/\/portaldeyoung.uy\/?p=9758"},"modified":"2026-04-06T12:02:08","modified_gmt":"2026-04-06T15:02:08","slug":"correcaminos-de-young-dijeron-presente-en-la-59a-semana-de-la-cerveza-de-paysandu","status":"publish","type":"post","link":"https:\/\/portaldeyoung.uy\/index.php\/2026\/04\/06\/correcaminos-de-young-dijeron-presente-en-la-59a-semana-de-la-cerveza-de-paysandu\/","title":{"rendered":"Correcaminos de Young dijeron presente en la 59\u00aa Semana de la Cerveza de Paysand\u00fa"},"content":{"rendered":"\n<p>El grupo de atletas Correcaminos de Young volvi\u00f3 a destacarse en el calendario regional de carreras de calle, participando en los 8 kil\u00f3metros de la 59\u00aa edici\u00f3n de la Semana de la Cerveza de Paysand\u00fa, uno de los eventos deportivos m\u00e1s convocantes del litoral.<\/p>\n\n\n\n<p>En esta oportunidad, la delegaci\u00f3n local estuvo integrada por Mar\u00eda Barr\u00e1n, Cristhian Melgarejo y Mario Techera, quienes compitieron ante un excelente marco de p\u00fablico, en una jornada que combin\u00f3 deporte y gran acompa\u00f1amiento popular.<\/p>\n\n\n\n<p>La actuaci\u00f3n m\u00e1s sobresaliente fue la de Mar\u00eda Barr\u00e1n, quien logr\u00f3 ubicarse en el primer lugar de su categor\u00eda, ratificando su buen momento deportivo.<\/p>\n\n\n\n<p>Por su parte, Cristhian Melgarejo y Mario Techera, si bien no alcanzaron posiciones de podio, cumplieron una destacada performance al registrar sus mejores tiempos personales en la distancia de 8K, lo que refleja el crecimiento y la constancia en su preparaci\u00f3n.<\/p>\n\n\n\n<p>De esta manera, Correcaminos de Young contin\u00faa sumando experiencias y resultados positivos en competencias de la zona.<\/p>\n","protected":false},"excerpt":{"rendered":"<p>El grupo de atletas Correcaminos de Young volvi\u00f3 a destacarse en el calendario regional de carreras de calle, participando en los 8 kil\u00f3metros de la<\/p>\n","protected":false},"author":1,"featured_media":9759,"comment_status":"closed","ping_status":"open","sticky":false,"template":"","format":"standard","meta":{"advgb_blocks_editor_width":"","advgb_blocks_columns_visual_guide":"","footnotes":"","jetpack_publicize_message":"El grupo de atletas Correcaminos de Young volvi\u00f3 a destacarse en el calendario regional de carreras de calle, participando en los 8 kil\u00f3metros de la 59\u00aa edici\u00f3n de la Semana de la ...Lee la nota completa\ud83d\udc47","jetpack_publicize_feature_enabled":true,"jetpack_social_post_already_shared":false,"jetpack_social_options":{"image_generator_settings":{"template":"highway","default_image_id":0,"font":"","enabled":false},"version":2}},"categories":[5],"tags":[],"class_list":["post-9758","post","type-post","status-publish","format-standard","has-post-thumbnail","hentry","category-de-la-tribuna"],"author_meta":{"display_name":"Portal","author_link":"https:\/\/portaldeyoung.uy\/index.php\/author\/admin_port\/"},"featured_img":"https:\/\/portaldeyoung.uy\/wp-content\/uploads\/2026\/04\/correcaminos-300x200.png","jetpack_publicize_connections":[],"coauthors":[],"tax_additional":{"categories":{"linked":["<a href=\"https:\/\/portaldeyoung.uy\/index.php\/category\/de-la-tribuna\/\" class=\"advgb-post-tax-term\">De la tribuna<\/a>"],"unlinked":["<span class=\"advgb-post-tax-term\">De la tribuna<\/span>"]}},"comment_count":"0","relative_dates":{"created":"Publicado 3 semanas hace","modified":"Actualizado 3 semanas hace"},"absolute_dates":{"created":"Publicado el abril 6, 2026","modified":"Actualizado el abril 6, 2026"},"absolute_dates_time":{"created":"Publicado el abril 6, 2026 7:00 am","modified":"Actualizado el abril 6, 2026 12:02 pm"},"featured_img_caption":"","series_order":"","_links":{"self":[{"href":"https:\/\/portaldeyoung.uy\/index.php\/wp-json\/wp\/v2\/posts\/9758","targetHints":{"allow":["GET"]}}],"collection":[{"href":"https:\/\/portaldeyoung.uy\/index.php\/wp-json\/wp\/v2\/posts"}],"about":[{"href":"https:\/\/portaldeyoung.uy\/index.php\/wp-json\/wp\/v2\/types\/post"}],"author":[{"embeddable":true,"href":"https:\/\/portaldeyoung.uy\/index.php\/wp-json\/wp\/v2\/users\/1"}],"replies":[{"embeddable":true,"href":"https:\/\/portaldeyoung.uy\/index.php\/wp-json\/wp\/v2\/comments?post=9758"}],"version-history":[{"count":2,"href":"https:\/\/portaldeyoung.uy\/index.php\/wp-json\/wp\/v2\/posts\/9758\/revisions"}],"predecessor-version":[{"id":9762,"href":"https:\/\/portaldeyoung.uy\/index.php\/wp-json\/wp\/v2\/posts\/9758\/revisions\/9762"}],"wp:featuredmedia":[{"embeddable":true,"href":"https:\/\/portaldeyoung.uy\/index.php\/wp-json\/wp\/v2\/media\/9759"}],"wp:attachment":[{"href":"https:\/\/portaldeyoung.uy\/index.php\/wp-json\/wp\/v2\/media?parent=9758"}],"wp:term":[{"taxonomy":"category","embeddable":true,"href":"https:\/\/portaldeyoung.uy\/index.php\/wp-json\/wp\/v2\/categories?post=9758"},{"taxonomy":"post_tag","embeddable":true,"href":"https:\/\/portaldeyoung.uy\/index.php\/wp-json\/wp\/v2\/tags?post=9758"}],"curies":[{"name":"wp","href":"https:\/\/api.w.org\/{rel}","templated":true}]}}