{"id":9755,"date":"2026-04-06T06:45:27","date_gmt":"2026-04-06T09:45:27","guid":{"rendered":"https:\/\/portaldeyoung.uy\/?p=9755"},"modified":"2026-04-06T06:45:45","modified_gmt":"2026-04-06T09:45:45","slug":"empezo-el-ano-en-uruguay-llego-el-ultimo-ciclista-bonilla-gano-la-vuelta","status":"publish","type":"post","link":"https:\/\/portaldeyoung.uy\/index.php\/2026\/04\/06\/empezo-el-ano-en-uruguay-llego-el-ultimo-ciclista-bonilla-gano-la-vuelta\/","title":{"rendered":"Empez\u00f3 el a\u00f1o en Uruguay, lleg\u00f3 el \u00faltimo ciclista:  Bonilla gan\u00f3 la Vuelta"},"content":{"rendered":"\n<p>Pablo Bonilla gan\u00f3 este domingo la Vuelta Ciclista al concluir las once etapas de la competencia, en un tiempo 40 horas, 9 minutos y 28 segundos.<\/p>\n\n\n\n<p>El ciclista uruguayo del Club N\u00e1utico y de Pesca Boca del Cufr\u00e9 acab\u00f3 en la d\u00e9cima posici\u00f3n la etapa disputada en esta jornada y eso le bast\u00f3 para mantener su ventaja sobre el argentino Lucas Gaday.<\/p>\n\n\n\n<p>El deportista del Dolores Cycles Club fue segundo en la general con un tiempo de 40 horas, 10 minutos y 6 segundos, mientras que Ignacio Maldonado complet\u00f3 el podio con un tiempo de 40 horas, 11 minutos y 12 segundos.<\/p>\n\n\n\n<p>En tanto, Dolores Cycles Club se consagr\u00f3 campe\u00f3n de equipos al acabar la Vuelta Ciclista, sumando un tiempo de 120 horas, 42 minutos y 46 segundos.<\/p>\n\n\n\n<p>El segundo lugar fue para Club N\u00e1utico y de Pesca Boca del Cufr\u00e9 y el tercero para Club Ciclista Alas Rojas de Santa Luc\u00eda. El equipo extranjero mejor ubicado fue el brasile\u00f1o Localiza Meoo\/Swift Pro Cycling, que acab\u00f3 en la cuarta posici\u00f3n.<\/p>\n\n\n\n<p>La \u00faltima etapa de la competencia uni\u00f3 este domingo en 190,6 kil\u00f3metros las ciudades de Trinidad y Montevideo, y finaliz\u00f3 en 18 de Julio.<\/p>\n\n\n\n<p>La victoria all\u00ed fue para Roderyck Asconeguy (Dolores Cycles Club), quien cruz\u00f3 la meta en un tiempo de 4 horas, 17 minutos y 29 segundos. Segundo fue el argentino Lisandro Bravo (Club Ciclista Cerro Largo) y el tercer lugar lo ocup\u00f3 Leonel Rodr\u00edguez (Club N\u00e1utico y de Pesca Boca del Cufr\u00e9).<\/p>\n\n\n\n<p>El nuevo campe\u00f3n gan\u00f3 una de las once etapas, mientras que en las restantes hubo cuatro victorias de Leonel Rodr\u00edguez, una de Mat\u00edas Presa, una de Mat\u00edas Mascara\u00f1as, una de Lisandro Bravo, una de Bruno Lemes, una de Ignacio Maldonado y una de Roderyck Asconeguy.<\/p>\n\n\n\n<p>Creada en 1939, la Vuelta Ciclista del Uruguay tuvo este a\u00f1o su edici\u00f3n n\u00famero 81. Su m\u00e1ximo ganador hasta el momento es el uruguayo Federico Moreira, quien la conquist\u00f3 en seis oportunidades.<\/p>\n","protected":false},"excerpt":{"rendered":"<p>Pablo Bonilla gan\u00f3 este domingo la Vuelta Ciclista al concluir las once etapas de la competencia, en un tiempo 40 horas, 9 minutos y 28<\/p>\n","protected":false},"author":1,"featured_media":9756,"comment_status":"closed","ping_status":"open","sticky":false,"template":"","format":"standard","meta":{"advgb_blocks_editor_width":"","advgb_blocks_columns_visual_guide":"","footnotes":"","jetpack_publicize_message":"Pablo Bonilla gan\u00f3 este domingo la Vuelta Ciclista al concluir las once etapas de la competencia, en un tiempo 40 horas, 9 minutos y 28 segundos...Lee la nota completa\ud83d\udc47","jetpack_publicize_feature_enabled":true,"jetpack_social_post_already_shared":false,"jetpack_social_options":{"image_generator_settings":{"template":"highway","default_image_id":0,"font":"","enabled":false},"version":2}},"categories":[5],"tags":[],"class_list":["post-9755","post","type-post","status-publish","format-standard","has-post-thumbnail","hentry","category-de-la-tribuna"],"author_meta":{"display_name":"Portal","author_link":"https:\/\/portaldeyoung.uy\/index.php\/author\/admin_port\/"},"featured_img":"https:\/\/portaldeyoung.uy\/wp-content\/uploads\/2026\/04\/Bonilla-ganador-vuelta-300x125.png","jetpack_publicize_connections":[],"coauthors":[],"tax_additional":{"categories":{"linked":["<a href=\"https:\/\/portaldeyoung.uy\/index.php\/category\/de-la-tribuna\/\" class=\"advgb-post-tax-term\">De la tribuna<\/a>"],"unlinked":["<span class=\"advgb-post-tax-term\">De la tribuna<\/span>"]}},"comment_count":"0","relative_dates":{"created":"Publicado 4 semanas hace","modified":"Actualizado 4 semanas hace"},"absolute_dates":{"created":"Publicado el abril 6, 2026","modified":"Actualizado el abril 6, 2026"},"absolute_dates_time":{"created":"Publicado el abril 6, 2026 6:45 am","modified":"Actualizado el abril 6, 2026 6:45 am"},"featured_img_caption":"","series_order":"","_links":{"self":[{"href":"https:\/\/portaldeyoung.uy\/index.php\/wp-json\/wp\/v2\/posts\/9755","targetHints":{"allow":["GET"]}}],"collection":[{"href":"https:\/\/portaldeyoung.uy\/index.php\/wp-json\/wp\/v2\/posts"}],"about":[{"href":"https:\/\/portaldeyoung.uy\/index.php\/wp-json\/wp\/v2\/types\/post"}],"author":[{"embeddable":true,"href":"https:\/\/portaldeyoung.uy\/index.php\/wp-json\/wp\/v2\/users\/1"}],"replies":[{"embeddable":true,"href":"https:\/\/portaldeyoung.uy\/index.php\/wp-json\/wp\/v2\/comments?post=9755"}],"version-history":[{"count":1,"href":"https:\/\/portaldeyoung.uy\/index.php\/wp-json\/wp\/v2\/posts\/9755\/revisions"}],"predecessor-version":[{"id":9757,"href":"https:\/\/portaldeyoung.uy\/index.php\/wp-json\/wp\/v2\/posts\/9755\/revisions\/9757"}],"wp:featuredmedia":[{"embeddable":true,"href":"https:\/\/portaldeyoung.uy\/index.php\/wp-json\/wp\/v2\/media\/9756"}],"wp:attachment":[{"href":"https:\/\/portaldeyoung.uy\/index.php\/wp-json\/wp\/v2\/media?parent=9755"}],"wp:term":[{"taxonomy":"category","embeddable":true,"href":"https:\/\/portaldeyoung.uy\/index.php\/wp-json\/wp\/v2\/categories?post=9755"},{"taxonomy":"post_tag","embeddable":true,"href":"https:\/\/portaldeyoung.uy\/index.php\/wp-json\/wp\/v2\/tags?post=9755"}],"curies":[{"name":"wp","href":"https:\/\/api.w.org\/{rel}","templated":true}]}}