{"id":9749,"date":"2026-04-06T06:36:51","date_gmt":"2026-04-06T09:36:51","guid":{"rendered":"https:\/\/portaldeyoung.uy\/?p=9749"},"modified":"2026-04-07T08:38:05","modified_gmt":"2026-04-07T11:38:05","slug":"alimentacion-saludable-desde-la-infancia-en-las-canteras-en-fray-bentos","status":"publish","type":"post","link":"https:\/\/portaldeyoung.uy\/index.php\/2026\/04\/06\/alimentacion-saludable-desde-la-infancia-en-las-canteras-en-fray-bentos\/","title":{"rendered":"Alimentaci\u00f3n saludable desde la infancia en Las Canteras en Fray Bentos"},"content":{"rendered":"\n<p><strong>En el merendero de Las Canteras se realiz\u00f3 un taller de alimentaci\u00f3n saludable junto a 18 ni\u00f1as y ni\u00f1os de entre 6 y 12 a\u00f1os, a cargo de la Lic. en Nutrici\u00f3n Franca Linale.<\/strong><\/p>\n\n\n\n<p>A trav\u00e9s de la din\u00e1mica del \u201cSem\u00e1foro de los alimentos\u201d, aprendieron de forma divertida cu\u00e1les son los alimentos que conviene consumir todos los d\u00edas y cu\u00e1les dejar para ocasiones especiales.<\/p>\n\n\n\n<p>Pero no fue solo teor\u00eda: tambi\u00e9n pasaron a la acci\u00f3n.<br>Trabajaron con recetas simples a base de pera y naranja, donde pudieron conocer los ingredientes y preparar sus propias opciones saludables.<\/p>\n\n\n\n<p>Esta actividad forma parte de las acciones que impulsa la Intendencia de R\u00edo Negro a trav\u00e9s del \u00e1rea de Pol\u00edticas Sociales, promoviendo h\u00e1bitos saludables desde la infancia y acompa\u00f1ando a las familias en el territorio.<\/p>\n\n\n\n<p>\u201cTrabajar con ni\u00f1as y ni\u00f1os en estos espacios es clave. No solo acercamos informaci\u00f3n, sino herramientas concretas para mejorar la alimentaci\u00f3n en la vida cotidiana\u201d, se\u00f1al\u00f3 el director de Pol\u00edticas Sociales.<\/p>\n\n\n\n<p><em>*IRN<\/em><\/p>\n","protected":false},"excerpt":{"rendered":"<p>En el merendero de Las Canteras se realiz\u00f3 un taller de alimentaci\u00f3n saludable junto a 18 ni\u00f1as y ni\u00f1os de entre 6 y 12 a\u00f1os,<\/p>\n","protected":false},"author":1,"featured_media":9750,"comment_status":"closed","ping_status":"open","sticky":false,"template":"","format":"standard","meta":{"advgb_blocks_editor_width":"","advgb_blocks_columns_visual_guide":"","footnotes":"","jetpack_publicize_message":"En el merendero de Las Canteras se realiz\u00f3 un taller de alimentaci\u00f3n saludable junto a 18 ni\u00f1as y ni\u00f1os de entre 6 y 12 a\u00f1os, a cargo de la Lic. en ...Lee la nota completa\ud83d\udc47","jetpack_publicize_feature_enabled":true,"jetpack_social_post_already_shared":false,"jetpack_social_options":{"image_generator_settings":{"template":"highway","default_image_id":0,"font":"","enabled":false},"version":2}},"categories":[29],"tags":[],"class_list":["post-9749","post","type-post","status-publish","format-standard","has-post-thumbnail","hentry","category-del-territorio"],"author_meta":{"display_name":"Portal","author_link":"https:\/\/portaldeyoung.uy\/index.php\/author\/admin_port\/"},"featured_img":"https:\/\/portaldeyoung.uy\/wp-content\/uploads\/2026\/04\/Alimentacion-Saludable-300x182.jpeg","jetpack_publicize_connections":[],"coauthors":[],"tax_additional":{"categories":{"linked":["<a href=\"https:\/\/portaldeyoung.uy\/index.php\/category\/del-territorio\/\" class=\"advgb-post-tax-term\">Del territorio<\/a>"],"unlinked":["<span class=\"advgb-post-tax-term\">Del territorio<\/span>"]}},"comment_count":"0","relative_dates":{"created":"Publicado 3 semanas hace","modified":"Actualizado 3 semanas hace"},"absolute_dates":{"created":"Publicado el abril 6, 2026","modified":"Actualizado el abril 7, 2026"},"absolute_dates_time":{"created":"Publicado el abril 6, 2026 6:36 am","modified":"Actualizado el abril 7, 2026 8:38 am"},"featured_img_caption":"","series_order":"","_links":{"self":[{"href":"https:\/\/portaldeyoung.uy\/index.php\/wp-json\/wp\/v2\/posts\/9749","targetHints":{"allow":["GET"]}}],"collection":[{"href":"https:\/\/portaldeyoung.uy\/index.php\/wp-json\/wp\/v2\/posts"}],"about":[{"href":"https:\/\/portaldeyoung.uy\/index.php\/wp-json\/wp\/v2\/types\/post"}],"author":[{"embeddable":true,"href":"https:\/\/portaldeyoung.uy\/index.php\/wp-json\/wp\/v2\/users\/1"}],"replies":[{"embeddable":true,"href":"https:\/\/portaldeyoung.uy\/index.php\/wp-json\/wp\/v2\/comments?post=9749"}],"version-history":[{"count":1,"href":"https:\/\/portaldeyoung.uy\/index.php\/wp-json\/wp\/v2\/posts\/9749\/revisions"}],"predecessor-version":[{"id":9751,"href":"https:\/\/portaldeyoung.uy\/index.php\/wp-json\/wp\/v2\/posts\/9749\/revisions\/9751"}],"wp:featuredmedia":[{"embeddable":true,"href":"https:\/\/portaldeyoung.uy\/index.php\/wp-json\/wp\/v2\/media\/9750"}],"wp:attachment":[{"href":"https:\/\/portaldeyoung.uy\/index.php\/wp-json\/wp\/v2\/media?parent=9749"}],"wp:term":[{"taxonomy":"category","embeddable":true,"href":"https:\/\/portaldeyoung.uy\/index.php\/wp-json\/wp\/v2\/categories?post=9749"},{"taxonomy":"post_tag","embeddable":true,"href":"https:\/\/portaldeyoung.uy\/index.php\/wp-json\/wp\/v2\/tags?post=9749"}],"curies":[{"name":"wp","href":"https:\/\/api.w.org\/{rel}","templated":true}]}}