{"id":9746,"date":"2026-04-06T06:31:33","date_gmt":"2026-04-06T09:31:33","guid":{"rendered":"https:\/\/portaldeyoung.uy\/?p=9746"},"modified":"2026-04-06T06:31:35","modified_gmt":"2026-04-06T09:31:35","slug":"nubel-cisneros-anuncio-la-llegada-de-un-ciclon-extratropical-para-este-martes-que-caracteristicas-tiene","status":"publish","type":"post","link":"https:\/\/portaldeyoung.uy\/index.php\/2026\/04\/06\/nubel-cisneros-anuncio-la-llegada-de-un-ciclon-extratropical-para-este-martes-que-caracteristicas-tiene\/","title":{"rendered":"Nubel Cisneros anunci\u00f3 la llegada de un cicl\u00f3n extratropical para este martes: qu\u00e9 caracter\u00edsticas tiene"},"content":{"rendered":"\n<p>El meteor\u00f3logo adelant\u00f3 que el fen\u00f3meno provocar\u00e1 tormentas y lluvias, algunas tormentas puntualmente fuertes con vientos y actividad el\u00e9ctrica.<\/p>\n\n\n\n<p>El meteor\u00f3logo <strong>Nubel Cisneros<\/strong> anunci\u00f3 la llegada de un <strong>cicl\u00f3n extratropical<\/strong> para este <strong>martes<\/strong> en todo el pa\u00eds.<\/p>\n\n\n\n<p>El fen\u00f3meno traer\u00e1 tormentas y lluvias, algunas tormentas puntualmente fuertes con vientos y actividad el\u00e9ctrica.<\/p>\n\n\n\n<p>\u00abLa ma\u00f1ana del martes estar\u00e1 inestable previ\u00e9ndose la formaci\u00f3n de un cicl\u00f3n extratropical sobre el pa\u00eds con tormentas y lluvias. La tarde continuar\u00e1 bajo la influencia del cicl\u00f3n persistiendo lluvias y tormentas algunas puntualmente fuertes\u00bb, indic\u00f3 el meteor\u00f3logo<\/p>\n","protected":false},"excerpt":{"rendered":"<p>El meteor\u00f3logo adelant\u00f3 que el fen\u00f3meno provocar\u00e1 tormentas y lluvias, algunas tormentas puntualmente fuertes con vientos y actividad el\u00e9ctrica. El meteor\u00f3logo Nubel Cisneros anunci\u00f3 la<\/p>\n","protected":false},"author":1,"featured_media":9747,"comment_status":"closed","ping_status":"open","sticky":false,"template":"","format":"standard","meta":{"advgb_blocks_editor_width":"","advgb_blocks_columns_visual_guide":"","footnotes":"","jetpack_publicize_message":"El meteor\u00f3logo adelant\u00f3 que el fen\u00f3meno provocar\u00e1 tormentas y lluvias, algunas tormentas puntualmente fuertes con vientos y actividad el\u00e9ctrica.","jetpack_publicize_feature_enabled":true,"jetpack_social_post_already_shared":false,"jetpack_social_options":{"image_generator_settings":{"template":"highway","default_image_id":0,"font":"","enabled":false},"version":2}},"categories":[7],"tags":[],"class_list":["post-9746","post","type-post","status-publish","format-standard","has-post-thumbnail","hentry","category-del-pais"],"author_meta":{"display_name":"Portal","author_link":"https:\/\/portaldeyoung.uy\/index.php\/author\/admin_port\/"},"featured_img":"https:\/\/portaldeyoung.uy\/wp-content\/uploads\/2026\/04\/ciclon-extratropical-300x191.png","jetpack_publicize_connections":[],"coauthors":[],"tax_additional":{"categories":{"linked":["<a href=\"https:\/\/portaldeyoung.uy\/index.php\/category\/del-pais\/\" class=\"advgb-post-tax-term\">Del pa\u00eds<\/a>"],"unlinked":["<span class=\"advgb-post-tax-term\">Del pa\u00eds<\/span>"]}},"comment_count":"0","relative_dates":{"created":"Publicado 4 semanas hace","modified":"Actualizado 4 semanas hace"},"absolute_dates":{"created":"Publicado el abril 6, 2026","modified":"Actualizado el abril 6, 2026"},"absolute_dates_time":{"created":"Publicado el abril 6, 2026 6:31 am","modified":"Actualizado el abril 6, 2026 6:31 am"},"featured_img_caption":"","series_order":"","_links":{"self":[{"href":"https:\/\/portaldeyoung.uy\/index.php\/wp-json\/wp\/v2\/posts\/9746","targetHints":{"allow":["GET"]}}],"collection":[{"href":"https:\/\/portaldeyoung.uy\/index.php\/wp-json\/wp\/v2\/posts"}],"about":[{"href":"https:\/\/portaldeyoung.uy\/index.php\/wp-json\/wp\/v2\/types\/post"}],"author":[{"embeddable":true,"href":"https:\/\/portaldeyoung.uy\/index.php\/wp-json\/wp\/v2\/users\/1"}],"replies":[{"embeddable":true,"href":"https:\/\/portaldeyoung.uy\/index.php\/wp-json\/wp\/v2\/comments?post=9746"}],"version-history":[{"count":1,"href":"https:\/\/portaldeyoung.uy\/index.php\/wp-json\/wp\/v2\/posts\/9746\/revisions"}],"predecessor-version":[{"id":9748,"href":"https:\/\/portaldeyoung.uy\/index.php\/wp-json\/wp\/v2\/posts\/9746\/revisions\/9748"}],"wp:featuredmedia":[{"embeddable":true,"href":"https:\/\/portaldeyoung.uy\/index.php\/wp-json\/wp\/v2\/media\/9747"}],"wp:attachment":[{"href":"https:\/\/portaldeyoung.uy\/index.php\/wp-json\/wp\/v2\/media?parent=9746"}],"wp:term":[{"taxonomy":"category","embeddable":true,"href":"https:\/\/portaldeyoung.uy\/index.php\/wp-json\/wp\/v2\/categories?post=9746"},{"taxonomy":"post_tag","embeddable":true,"href":"https:\/\/portaldeyoung.uy\/index.php\/wp-json\/wp\/v2\/tags?post=9746"}],"curies":[{"name":"wp","href":"https:\/\/api.w.org\/{rel}","templated":true}]}}