{"id":9743,"date":"2026-04-06T06:28:31","date_gmt":"2026-04-06T09:28:31","guid":{"rendered":"https:\/\/portaldeyoung.uy\/?p=9743"},"modified":"2026-04-06T06:28:33","modified_gmt":"2026-04-06T09:28:33","slug":"siete-personas-lesionadas-entre-ellas-una-bebe-tras-choque-de-vehiculos-en-ruta-9","status":"publish","type":"post","link":"https:\/\/portaldeyoung.uy\/index.php\/2026\/04\/06\/siete-personas-lesionadas-entre-ellas-una-bebe-tras-choque-de-vehiculos-en-ruta-9\/","title":{"rendered":"Siete personas lesionadas, entre ellas una beb\u00e9, tras choque de veh\u00edculos en ruta 9"},"content":{"rendered":"\n<p>El siniestro de tr\u00e1nsito tuvo lugar en la tarde de este domingo en Gregorio Azn\u00e1rez. Los autos impactaron de forma fronto lateral quedando todos sus ocupantes con lesiones leves.<\/p>\n\n\n\n<p>Un siniestro fronto lateral dej\u00f3 a 7 personas lesionadas, entre ellas un beb\u00e9, este domingo de tarde en <strong>ruta 9<\/strong>, a la altura del kil\u00f3metro 87.900, en la localidad de Gregorio Azn\u00e1rez, en el departamento de Maldonado.<\/p>\n\n\n\n<p>Seg\u00fan Polic\u00eda Caminera, el <strong>choque<\/strong> se produjo entre dos veh\u00edculos: uno de ellos circulaba por ruta 9 y cuando intent\u00f3 girar a la izquierda para tomar Cno. \u00abMaestra Delia G. Mendiz\u00e1bal\u00bb, fue impactado por otro que circulaba por la misma ruta en sentido contrario.<\/p>\n\n\n\n<p>El primer autom\u00f3vil era conducido por un hombre de 64 a\u00f1os, quien fue diagnosticado con \u00abtraumatismo de t\u00f3rax\u00bb, y trasladado al Hospital de Maldonado; el control de alcohol arroj\u00f3 resultado cero.<\/p>\n\n\n\n<p>El primer acompa\u00f1ante de 23 a\u00f1os result\u00f3 \u00abpolitraumatizado moderado\u00bb y trasladado a Maldonado a coordinar.<\/p>\n\n\n\n<p>Una segunda acompa\u00f1ante mayor fue diagnosticada con \u00abtraumatismo de t\u00f3rax y lumbar\u00bb, derivada al Hospital de Maldonado.<\/p>\n\n\n\n<p>El segundo autom\u00f3vil que circulaba por ruta 9 era conducido por un hombre de 32 a\u00f1os, diagnosticado con \u00abTEC sin p\u00e9rdida y traumatismo abdominal\u00bb, dado de alta en el lugar y cuya espirometr\u00eda arroj\u00f3 resultado cero.<\/p>\n\n\n\n<p>Su primera acompa\u00f1ante de 25 a\u00f1os result\u00f3 \u00abpolitraumatizada moderada\u00bb, trasladada al Sanatorio Cantegril.<\/p>\n\n\n\n<p>Otra acompa\u00f1ante de 15 a\u00f1os fue diagnosticada con \u00abTEC sin p\u00e9rdida, herida cortante en lengua\u00bb, dada de alta en el lugar.<\/p>\n\n\n\n<p>Una beb\u00e8 de 15 meses que era trasladada con Sistema de Retenci\u00f3n Infantil sufri\u00f3 un \u00abTEC leve\u00bb y fue dada de alta en el lugar.<\/p>\n","protected":false},"excerpt":{"rendered":"<p>El siniestro de tr\u00e1nsito tuvo lugar en la tarde de este domingo en Gregorio Azn\u00e1rez. Los autos impactaron de forma fronto lateral quedando todos sus<\/p>\n","protected":false},"author":1,"featured_media":9744,"comment_status":"closed","ping_status":"open","sticky":false,"template":"","format":"standard","meta":{"advgb_blocks_editor_width":"","advgb_blocks_columns_visual_guide":"","footnotes":"","jetpack_publicize_message":"El siniestro de tr\u00e1nsito tuvo lugar en la tarde de este domingo en Gregorio Azn\u00e1rez. Los autos impactaron de forma fronto lateral quedando todos sus ocupantes con lesiones leves ...Lee la nota completa\ud83d\udc47","jetpack_publicize_feature_enabled":true,"jetpack_social_post_already_shared":false,"jetpack_social_options":{"image_generator_settings":{"template":"highway","default_image_id":0,"font":"","enabled":false},"version":2}},"categories":[7],"tags":[],"class_list":["post-9743","post","type-post","status-publish","format-standard","has-post-thumbnail","hentry","category-del-pais"],"author_meta":{"display_name":"Portal","author_link":"https:\/\/portaldeyoung.uy\/index.php\/author\/admin_port\/"},"featured_img":"https:\/\/portaldeyoung.uy\/wp-content\/uploads\/2026\/04\/accidente-ruta-9-300x195.png","jetpack_publicize_connections":[],"coauthors":[],"tax_additional":{"categories":{"linked":["<a href=\"https:\/\/portaldeyoung.uy\/index.php\/category\/del-pais\/\" class=\"advgb-post-tax-term\">Del pa\u00eds<\/a>"],"unlinked":["<span class=\"advgb-post-tax-term\">Del pa\u00eds<\/span>"]}},"comment_count":"0","relative_dates":{"created":"Publicado 4 semanas hace","modified":"Actualizado 4 semanas hace"},"absolute_dates":{"created":"Publicado el abril 6, 2026","modified":"Actualizado el abril 6, 2026"},"absolute_dates_time":{"created":"Publicado el abril 6, 2026 6:28 am","modified":"Actualizado el abril 6, 2026 6:28 am"},"featured_img_caption":"","series_order":"","_links":{"self":[{"href":"https:\/\/portaldeyoung.uy\/index.php\/wp-json\/wp\/v2\/posts\/9743","targetHints":{"allow":["GET"]}}],"collection":[{"href":"https:\/\/portaldeyoung.uy\/index.php\/wp-json\/wp\/v2\/posts"}],"about":[{"href":"https:\/\/portaldeyoung.uy\/index.php\/wp-json\/wp\/v2\/types\/post"}],"author":[{"embeddable":true,"href":"https:\/\/portaldeyoung.uy\/index.php\/wp-json\/wp\/v2\/users\/1"}],"replies":[{"embeddable":true,"href":"https:\/\/portaldeyoung.uy\/index.php\/wp-json\/wp\/v2\/comments?post=9743"}],"version-history":[{"count":1,"href":"https:\/\/portaldeyoung.uy\/index.php\/wp-json\/wp\/v2\/posts\/9743\/revisions"}],"predecessor-version":[{"id":9745,"href":"https:\/\/portaldeyoung.uy\/index.php\/wp-json\/wp\/v2\/posts\/9743\/revisions\/9745"}],"wp:featuredmedia":[{"embeddable":true,"href":"https:\/\/portaldeyoung.uy\/index.php\/wp-json\/wp\/v2\/media\/9744"}],"wp:attachment":[{"href":"https:\/\/portaldeyoung.uy\/index.php\/wp-json\/wp\/v2\/media?parent=9743"}],"wp:term":[{"taxonomy":"category","embeddable":true,"href":"https:\/\/portaldeyoung.uy\/index.php\/wp-json\/wp\/v2\/categories?post=9743"},{"taxonomy":"post_tag","embeddable":true,"href":"https:\/\/portaldeyoung.uy\/index.php\/wp-json\/wp\/v2\/tags?post=9743"}],"curies":[{"name":"wp","href":"https:\/\/api.w.org\/{rel}","templated":true}]}}