{"id":9740,"date":"2026-04-06T06:24:34","date_gmt":"2026-04-06T09:24:34","guid":{"rendered":"https:\/\/portaldeyoung.uy\/?p=9740"},"modified":"2026-04-06T06:24:36","modified_gmt":"2026-04-06T09:24:36","slug":"el-1-362-gano-el-renault-kwid-y-el-5-231-el-viaje-a-cartagena-en-la-semana-de-la-cerveza","status":"publish","type":"post","link":"https:\/\/portaldeyoung.uy\/index.php\/2026\/04\/06\/el-1-362-gano-el-renault-kwid-y-el-5-231-el-viaje-a-cartagena-en-la-semana-de-la-cerveza\/","title":{"rendered":"El 1.362 gan\u00f3 el Renault Kwid y el 5.231 el viaje a Cartagena en la Semana de la Cerveza"},"content":{"rendered":"\n<p>La Rifa de la Semana cerr\u00f3 la 59\u00aa Semana de la Cerveza con el sorteo de sus tres premios principales en el Anfiteatro del R\u00edo Uruguay. El premio mayor, un autom\u00f3vil Renault Kwid Bitono 1.0 MT 0 kil\u00f3metro, correspondi\u00f3 al n\u00famero 1.362. El segundo premio, un viaje para dos personas a Cartagena de Indias, Colombia, fue para el 5.231, mientras que el tercero, una moto TVS Rider 125, qued\u00f3 para el 5.522. Se vendieron m\u00e1s de 17.000 n\u00fameros. <\/p>\n\n\n\n<p>El sorteo se realiz\u00f3 poco despu\u00e9s de las 20, bajo lluvia y en un anfiteatro pr\u00e1cticamente desierto. Del sorteo participaron en el escenario del anfiteatro la secretaria general de la Intendencia, Gabriela G\u00f3mez; el presidente del Comit\u00e9 Ejecutivo, Manuel Appratto, y la presidenta de la Junta Departamental, Valeria Alonzo. Tambi\u00e9n estuvieron presentes la reina de la 59\u00aa Semana de la Cerveza, Milena Bicco, la primera princesa, Keren Mart\u00ednez, y la segunda princesa, Valentina Sena. En el caso del tercer premio, debi\u00f3 realizarse una segunda extracci\u00f3n, ya que en primera instancia hab\u00eda resultado sorteado el n\u00famero 17.879, que no hab\u00eda sido vendido.<\/p>\n\n\n\n<p> Por esa raz\u00f3n se repiti\u00f3 el procedimiento y finalmente la moto correspondi\u00f3 al 5.522. Desde la organizaci\u00f3n se inform\u00f3 que los ganadores disponen de 30 d\u00edas para reclamar los premios, para lo cual deber\u00e1n comunicarse con la Intendencia.<\/p>\n","protected":false},"excerpt":{"rendered":"<p>La Rifa de la Semana cerr\u00f3 la 59\u00aa Semana de la Cerveza con el sorteo de sus tres premios principales en el Anfiteatro del R\u00edo<\/p>\n","protected":false},"author":1,"featured_media":9741,"comment_status":"closed","ping_status":"open","sticky":false,"template":"","format":"standard","meta":{"advgb_blocks_editor_width":"","advgb_blocks_columns_visual_guide":"","footnotes":"","jetpack_publicize_message":"La Rifa de la Semana cerr\u00f3 la 59\u00aa Semana de la Cerveza con el sorteo de sus tres premios principales en el Anfiteatro del R\u00edo Uruguay. El premio mayor, un ...Lee la nota completa\ud83d\udc47","jetpack_publicize_feature_enabled":true,"jetpack_social_post_already_shared":false,"jetpack_social_options":{"image_generator_settings":{"template":"highway","default_image_id":0,"font":"","enabled":false},"version":2}},"categories":[7],"tags":[],"class_list":["post-9740","post","type-post","status-publish","format-standard","has-post-thumbnail","hentry","category-del-pais"],"author_meta":{"display_name":"Portal","author_link":"https:\/\/portaldeyoung.uy\/index.php\/author\/admin_port\/"},"featured_img":"https:\/\/portaldeyoung.uy\/wp-content\/uploads\/2026\/04\/sorteo-semana-de-la-cerveza-300x169.jpg","jetpack_publicize_connections":[],"coauthors":[],"tax_additional":{"categories":{"linked":["<a href=\"https:\/\/portaldeyoung.uy\/index.php\/category\/del-pais\/\" class=\"advgb-post-tax-term\">Del pa\u00eds<\/a>"],"unlinked":["<span class=\"advgb-post-tax-term\">Del pa\u00eds<\/span>"]}},"comment_count":"0","relative_dates":{"created":"Publicado 3 semanas hace","modified":"Actualizado 3 semanas hace"},"absolute_dates":{"created":"Publicado el abril 6, 2026","modified":"Actualizado el abril 6, 2026"},"absolute_dates_time":{"created":"Publicado el abril 6, 2026 6:24 am","modified":"Actualizado el abril 6, 2026 6:24 am"},"featured_img_caption":"","series_order":"","_links":{"self":[{"href":"https:\/\/portaldeyoung.uy\/index.php\/wp-json\/wp\/v2\/posts\/9740","targetHints":{"allow":["GET"]}}],"collection":[{"href":"https:\/\/portaldeyoung.uy\/index.php\/wp-json\/wp\/v2\/posts"}],"about":[{"href":"https:\/\/portaldeyoung.uy\/index.php\/wp-json\/wp\/v2\/types\/post"}],"author":[{"embeddable":true,"href":"https:\/\/portaldeyoung.uy\/index.php\/wp-json\/wp\/v2\/users\/1"}],"replies":[{"embeddable":true,"href":"https:\/\/portaldeyoung.uy\/index.php\/wp-json\/wp\/v2\/comments?post=9740"}],"version-history":[{"count":1,"href":"https:\/\/portaldeyoung.uy\/index.php\/wp-json\/wp\/v2\/posts\/9740\/revisions"}],"predecessor-version":[{"id":9742,"href":"https:\/\/portaldeyoung.uy\/index.php\/wp-json\/wp\/v2\/posts\/9740\/revisions\/9742"}],"wp:featuredmedia":[{"embeddable":true,"href":"https:\/\/portaldeyoung.uy\/index.php\/wp-json\/wp\/v2\/media\/9741"}],"wp:attachment":[{"href":"https:\/\/portaldeyoung.uy\/index.php\/wp-json\/wp\/v2\/media?parent=9740"}],"wp:term":[{"taxonomy":"category","embeddable":true,"href":"https:\/\/portaldeyoung.uy\/index.php\/wp-json\/wp\/v2\/categories?post=9740"},{"taxonomy":"post_tag","embeddable":true,"href":"https:\/\/portaldeyoung.uy\/index.php\/wp-json\/wp\/v2\/tags?post=9740"}],"curies":[{"name":"wp","href":"https:\/\/api.w.org\/{rel}","templated":true}]}}