{"id":9734,"date":"2026-04-05T10:37:49","date_gmt":"2026-04-05T13:37:49","guid":{"rendered":"https:\/\/portaldeyoung.uy\/?p=9734"},"modified":"2026-04-06T10:50:34","modified_gmt":"2026-04-06T13:50:34","slug":"dia-de-la-concientizacion-sobre-el-autismo-en-nuestra-ciudad","status":"publish","type":"post","link":"https:\/\/portaldeyoung.uy\/index.php\/2026\/04\/05\/dia-de-la-concientizacion-sobre-el-autismo-en-nuestra-ciudad\/","title":{"rendered":"D\u00eda de la concientizaci\u00f3n sobre el autismo en nuestra ciudad"},"content":{"rendered":"\n<p><strong>En el Centro Socio Cultural de Young se llev\u00f3 a cabo la celebraci\u00f3n del D\u00eda Mundial de Concienciaci\u00f3n sobre el Autismo, organizado por el Centro Educativo para Ni\u00f1os Autistas de Young que funciona desde el a\u00f1o 2005, instancia que reuni\u00f3 a familias, instituciones, autoridades y p\u00fablico en general, reafirmando el compromiso de la comunidad con la inclusi\u00f3n y el respeto por la diversidad.<\/strong><\/p>\n\n\n\n<p>Durante la jornada se present\u00f3 el trabajo conjunto que vienen desarrollando el Museo Arqueol\u00f3gico de R\u00edo Negro (MUARN) y el centro educativo local, orientado a garantizar la accesibilidad cultural para ni\u00f1os y ni\u00f1as dentro del espectro autista. Esta experiencia ha permitido adaptar espacios, materiales y propuestas educativas, promoviendo que el museo sea un lugar cada vez m\u00e1s inclusivo y comprensible para todos.<\/p>\n\n\n\n<p>Se procedi\u00f3 a la lectura de la proclama nacional elaborada por la Federaci\u00f3n Autismo Uruguay, documento que destaca la importancia de la sensibilizaci\u00f3n social, el acceso a derechos y la generaci\u00f3n de entornos accesibles que favorezcan la participaci\u00f3n plena de las personas con autismo en todos los \u00e1mbitos de la vida.<\/p>\n\n\n\n<p>Como cierre de la actividad, se realiz\u00f3 la presentaci\u00f3n oficial de \u201cAbrazo Azul\u201d, una propuesta atl\u00e9tica organizada en forma conjunta por el centro educativo local y el Club Pe\u00f1arol Atletismo, que tendr\u00e1 lugar el pr\u00f3ximo 12 de abril en la ciudad de Young. La iniciativa busca promover la actividad f\u00edsica, la integraci\u00f3n y la visibilizaci\u00f3n de la tem\u00e1tica, convocando a toda la comunidad a participar.<\/p>\n\n\n\n<p><em>*IRN<\/em><\/p>\n","protected":false},"excerpt":{"rendered":"<p>En el Centro Socio Cultural de Young se llev\u00f3 a cabo la celebraci\u00f3n del D\u00eda Mundial de Concienciaci\u00f3n sobre el Autismo, organizado por el Centro<\/p>\n","protected":false},"author":1,"featured_media":9735,"comment_status":"closed","ping_status":"open","sticky":false,"template":"","format":"standard","meta":{"advgb_blocks_editor_width":"","advgb_blocks_columns_visual_guide":"","footnotes":"","jetpack_publicize_message":"En el Centro Socio Cultural de Young se llev\u00f3 a cabo la celebraci\u00f3n del D\u00eda Mundial de Concienciaci\u00f3n sobre el Autismo, organizado por el Centro Educativo para Ni\u00f1os Autistas de Young que funciona desde ...Lee la nota completa\ud83d\udc47","jetpack_publicize_feature_enabled":true,"jetpack_social_post_already_shared":false,"jetpack_social_options":{"image_generator_settings":{"template":"highway","default_image_id":0,"font":"","enabled":false},"version":2}},"categories":[4],"tags":[],"class_list":["post-9734","post","type-post","status-publish","format-standard","has-post-thumbnail","hentry","category-de-aca"],"author_meta":{"display_name":"Portal","author_link":"https:\/\/portaldeyoung.uy\/index.php\/author\/admin_port\/"},"featured_img":"https:\/\/portaldeyoung.uy\/wp-content\/uploads\/2026\/04\/dia-autismo-300x169.jpeg","jetpack_publicize_connections":[],"coauthors":[],"tax_additional":{"categories":{"linked":["<a href=\"https:\/\/portaldeyoung.uy\/index.php\/category\/de-aca\/\" class=\"advgb-post-tax-term\">De ac\u00e1<\/a>"],"unlinked":["<span class=\"advgb-post-tax-term\">De ac\u00e1<\/span>"]}},"comment_count":"0","relative_dates":{"created":"Publicado 4 semanas hace","modified":"Actualizado 3 semanas hace"},"absolute_dates":{"created":"Publicado el abril 5, 2026","modified":"Actualizado el abril 6, 2026"},"absolute_dates_time":{"created":"Publicado el abril 5, 2026 10:37 am","modified":"Actualizado el abril 6, 2026 10:50 am"},"featured_img_caption":"","series_order":"","_links":{"self":[{"href":"https:\/\/portaldeyoung.uy\/index.php\/wp-json\/wp\/v2\/posts\/9734","targetHints":{"allow":["GET"]}}],"collection":[{"href":"https:\/\/portaldeyoung.uy\/index.php\/wp-json\/wp\/v2\/posts"}],"about":[{"href":"https:\/\/portaldeyoung.uy\/index.php\/wp-json\/wp\/v2\/types\/post"}],"author":[{"embeddable":true,"href":"https:\/\/portaldeyoung.uy\/index.php\/wp-json\/wp\/v2\/users\/1"}],"replies":[{"embeddable":true,"href":"https:\/\/portaldeyoung.uy\/index.php\/wp-json\/wp\/v2\/comments?post=9734"}],"version-history":[{"count":1,"href":"https:\/\/portaldeyoung.uy\/index.php\/wp-json\/wp\/v2\/posts\/9734\/revisions"}],"predecessor-version":[{"id":9736,"href":"https:\/\/portaldeyoung.uy\/index.php\/wp-json\/wp\/v2\/posts\/9734\/revisions\/9736"}],"wp:featuredmedia":[{"embeddable":true,"href":"https:\/\/portaldeyoung.uy\/index.php\/wp-json\/wp\/v2\/media\/9735"}],"wp:attachment":[{"href":"https:\/\/portaldeyoung.uy\/index.php\/wp-json\/wp\/v2\/media?parent=9734"}],"wp:term":[{"taxonomy":"category","embeddable":true,"href":"https:\/\/portaldeyoung.uy\/index.php\/wp-json\/wp\/v2\/categories?post=9734"},{"taxonomy":"post_tag","embeddable":true,"href":"https:\/\/portaldeyoung.uy\/index.php\/wp-json\/wp\/v2\/tags?post=9734"}],"curies":[{"name":"wp","href":"https:\/\/api.w.org\/{rel}","templated":true}]}}