{"id":9728,"date":"2026-04-05T10:27:28","date_gmt":"2026-04-05T13:27:28","guid":{"rendered":"https:\/\/portaldeyoung.uy\/?p=9728"},"modified":"2026-04-06T06:46:23","modified_gmt":"2026-04-06T09:46:23","slug":"young-empato-sin-goles-con-salto-en-el-lavalleja-y-culmino-una-gran-campana-en-el-torneo","status":"publish","type":"post","link":"https:\/\/portaldeyoung.uy\/index.php\/2026\/04\/05\/young-empato-sin-goles-con-salto-en-el-lavalleja-y-culmino-una-gran-campana-en-el-torneo\/","title":{"rendered":"Young empat\u00f3 sin goles con Salto en el Lavalleja y culmin\u00f3 una gran campa\u00f1a en el torneo"},"content":{"rendered":"\n<p>La selecci\u00f3n Sub 18 de Young se despidi\u00f3 del Torneo Nacional de Selecciones de OFI luego de igualar 0 a 0 ante Salto Capital, en un encuentro disputado con alta intensidad pero sin eficacia en la definici\u00f3n.<\/p>\n\n\n\n<p>El conjunto albirrojo busc\u00f3 por todos los caminos vulnerar el arco salte\u00f1o, generando situaciones y mostrando actitud ofensiva durante gran parte del partido. Sin embargo, no logr\u00f3 concretar y termin\u00f3 pagando caro la falta de precisi\u00f3n en los metros finales.<\/p>\n\n\n\n<p>Por su parte, la visita administr\u00f3 la ventaja conseguida el pasado fin de semana en el estadio Dickinson, resultado que finalmente le permiti\u00f3 sellar su clasificaci\u00f3n a la final del certamen.<\/p>\n\n\n\n<p>En el tramo final del encuentro, Young sufri\u00f3 adem\u00e1s la expulsi\u00f3n de dos de sus jugadores, lo que reflej\u00f3 la tensi\u00f3n y la frustraci\u00f3n acumulada ante la inminente eliminaci\u00f3n.<\/p>\n\n\n\n<p>M\u00e1s all\u00e1 del resultado, es justo destacar el m\u00e9rito del plantel juvenil de Young, que alcanz\u00f3 la instancia semifinal tras una destacada campa\u00f1a. El equipo super\u00f3 una serie inicial muy exigente, culminando en el primer lugar de su grupo, y posteriormente dej\u00f3 por el camino a Paysand\u00fa con una actuaci\u00f3n contundente.<\/p>\n\n\n\n<p>Si bien no se pudo alcanzar la final, desde el <strong><em>Portal de Young<\/em><\/strong> se reconoce y felicita a los \u201cgurises\u201d por el gran torneo realizado, as\u00ed como al cuerpo t\u00e9cnico y a todos los colaboradores que acompa\u00f1aron este proceso.<\/p>\n\n\n\n<p>En la otra semifinal de la categor\u00eda Sub 18, Mercedes logr\u00f3 una clara victoria por 4 a 0 frente a Maldonado Interior, asegurando tambi\u00e9n su lugar en la definici\u00f3n del campeonato.<\/p>\n","protected":false},"excerpt":{"rendered":"<p>La selecci\u00f3n Sub 18 de Young se despidi\u00f3 del Torneo Nacional de Selecciones de OFI luego de igualar 0 a 0 ante Salto Capital, en<\/p>\n","protected":false},"author":1,"featured_media":8902,"comment_status":"closed","ping_status":"open","sticky":false,"template":"","format":"standard","meta":{"advgb_blocks_editor_width":"","advgb_blocks_columns_visual_guide":"","footnotes":"","jetpack_publicize_message":"La selecci\u00f3n Sub 18 de Young se despidi\u00f3 del Torneo Nacional de Selecciones de OFI luego de igualar 0 a 0 ante Salto Capital, en un ...Lee la nota completa\ud83d\udc47","jetpack_publicize_feature_enabled":true,"jetpack_social_post_already_shared":false,"jetpack_social_options":{"image_generator_settings":{"template":"highway","default_image_id":0,"font":"","enabled":false},"version":2}},"categories":[5],"tags":[],"class_list":["post-9728","post","type-post","status-publish","format-standard","has-post-thumbnail","hentry","category-de-la-tribuna"],"author_meta":{"display_name":"Portal","author_link":"https:\/\/portaldeyoung.uy\/index.php\/author\/admin_port\/"},"featured_img":"https:\/\/portaldeyoung.uy\/wp-content\/uploads\/2026\/03\/Young-campeon-del-litoral-sub-18-300x200.jpg","jetpack_publicize_connections":[],"coauthors":[],"tax_additional":{"categories":{"linked":["<a href=\"https:\/\/portaldeyoung.uy\/index.php\/category\/de-la-tribuna\/\" class=\"advgb-post-tax-term\">De la tribuna<\/a>"],"unlinked":["<span class=\"advgb-post-tax-term\">De la tribuna<\/span>"]}},"comment_count":"0","relative_dates":{"created":"Publicado 3 semanas hace","modified":"Actualizado 3 semanas hace"},"absolute_dates":{"created":"Publicado el abril 5, 2026","modified":"Actualizado el abril 6, 2026"},"absolute_dates_time":{"created":"Publicado el abril 5, 2026 10:27 am","modified":"Actualizado el abril 6, 2026 6:46 am"},"featured_img_caption":"","series_order":"","_links":{"self":[{"href":"https:\/\/portaldeyoung.uy\/index.php\/wp-json\/wp\/v2\/posts\/9728","targetHints":{"allow":["GET"]}}],"collection":[{"href":"https:\/\/portaldeyoung.uy\/index.php\/wp-json\/wp\/v2\/posts"}],"about":[{"href":"https:\/\/portaldeyoung.uy\/index.php\/wp-json\/wp\/v2\/types\/post"}],"author":[{"embeddable":true,"href":"https:\/\/portaldeyoung.uy\/index.php\/wp-json\/wp\/v2\/users\/1"}],"replies":[{"embeddable":true,"href":"https:\/\/portaldeyoung.uy\/index.php\/wp-json\/wp\/v2\/comments?post=9728"}],"version-history":[{"count":1,"href":"https:\/\/portaldeyoung.uy\/index.php\/wp-json\/wp\/v2\/posts\/9728\/revisions"}],"predecessor-version":[{"id":9729,"href":"https:\/\/portaldeyoung.uy\/index.php\/wp-json\/wp\/v2\/posts\/9728\/revisions\/9729"}],"wp:featuredmedia":[{"embeddable":true,"href":"https:\/\/portaldeyoung.uy\/index.php\/wp-json\/wp\/v2\/media\/8902"}],"wp:attachment":[{"href":"https:\/\/portaldeyoung.uy\/index.php\/wp-json\/wp\/v2\/media?parent=9728"}],"wp:term":[{"taxonomy":"category","embeddable":true,"href":"https:\/\/portaldeyoung.uy\/index.php\/wp-json\/wp\/v2\/categories?post=9728"},{"taxonomy":"post_tag","embeddable":true,"href":"https:\/\/portaldeyoung.uy\/index.php\/wp-json\/wp\/v2\/tags?post=9728"}],"curies":[{"name":"wp","href":"https:\/\/api.w.org\/{rel}","templated":true}]}}