{"id":9725,"date":"2026-04-05T10:15:31","date_gmt":"2026-04-05T13:15:31","guid":{"rendered":"https:\/\/portaldeyoung.uy\/?p=9725"},"modified":"2026-04-05T10:15:34","modified_gmt":"2026-04-05T13:15:34","slug":"fray-bentos-quedo-eliminado-por-penales-tras-un-partido-intenso-y-disputado","status":"publish","type":"post","link":"https:\/\/portaldeyoung.uy\/index.php\/2026\/04\/05\/fray-bentos-quedo-eliminado-por-penales-tras-un-partido-intenso-y-disputado\/","title":{"rendered":"Fray Bentos qued\u00f3 eliminado por penales tras un partido intenso y disputado"},"content":{"rendered":"\n<p>En un encuentro de alto voltaje, cargado de fricci\u00f3n y con pasajes de juego muy f\u00edsico, la selecci\u00f3n de Fray Bentos no logr\u00f3 avanzar y termin\u00f3 despidi\u00e9ndose desde el punto penal ante Salto, luego de igualar la serie en los 90 minutos.<\/p>\n\n\n\n<p>El tr\u00e1mite fue duro desde el inicio. El conjunto visitante lleg\u00f3 con la ventaja de 1 a 0 y plante\u00f3 un partido cerrado, apostando a que el reloj corriera a su favor. Fray Bentos, por su parte, intent\u00f3 en el primer tiempo hacerse del bal\u00f3n, pero le falt\u00f3 claridad en los metros finales. El equipo se mostr\u00f3 apurado, sin precisi\u00f3n para generar peligro real sobre el arco rival.<\/p>\n\n\n\n<p>En el complemento, la historia cambi\u00f3 parcialmente. La albiceleste se solt\u00f3 m\u00e1s, comenz\u00f3 a generar situaciones y empuj\u00f3 con mayor convicci\u00f3n, incluso tras la expulsi\u00f3n de Ezequiel Cabral, que dej\u00f3 al equipo con un hombre menos. Lejos de resentirse, Fray Bentos encontr\u00f3 espacios y fue en busca de la igualdad.<\/p>\n\n\n\n<p>El esfuerzo tuvo su premio pasados los 70 minutos, cuando Michelle Palacio conect\u00f3 de cabeza para marcar el 1 a 0, resultado que igualaba la serie y encend\u00eda la ilusi\u00f3n local.<\/p>\n\n\n\n<p>Con la paridad establecida, la definici\u00f3n se traslad\u00f3 a los penales, donde la efectividad marc\u00f3 la diferencia. Fray Bentos no logr\u00f3 capitalizar sus ejecuciones y termin\u00f3 cayendo en la tanda.<\/p>\n\n\n\n<p>En la serie desde los doce pasos:<\/p>\n\n\n\n<ul class=\"wp-block-list\">\n<li>H\u00e9ctor Iglesias (Fray Bentos): atajado<\/li>\n\n\n\n<li>De los Santos (Salto): gol<\/li>\n\n\n\n<li>Manuel Abogadro (Fray Bentos): atajado<\/li>\n\n\n\n<li>Aranda (Salto): atajado<\/li>\n\n\n\n<li>Juan Ferreira (Fray Bentos): gol<\/li>\n\n\n\n<li>Arbiza (Salto): gol<\/li>\n\n\n\n<li>Marcelo Ram\u00edrez (Fray Bentos): atajado<\/li>\n\n\n\n<li>Custodio (Salto): afuera<\/li>\n\n\n\n<li>Brandon Gonz\u00e1lez (Fray Bentos): gol<\/li>\n\n\n\n<li>Alexis Rodr\u00edguez (Salto): gol<\/li>\n<\/ul>\n\n\n\n<p><strong>Hoy domingo 5 de abril se juega el otro partido de vuelta de la fase semifinal de la Copa Nacional de Selecciones de OFI, ser\u00e1 en el Landoni de Durazno, all\u00ed el rojo del Y\u00ed recibir\u00e1 a Maldonado, con la obligaci\u00f3n de ganar para pasar a la final. La ida fue victoria de Maldonado por 2 a 1. \u201cRepasemos detalles para hoy en Durazno: \u00a0 \u00a0<\/strong><br><strong>Estadio \u201cSilvestre O. Landoni\u201d de Durazno 20:00 hs. \u00c1rbitro: Juan Rodr\u00edguez. Asistentes: Gonzalo Montesano y Valeria Adan \u00a0(San Jos\u00e9). Gerardo Azuri ser\u00e1 el cuarto arbitro<\/strong><\/p>\n","protected":false},"excerpt":{"rendered":"<p>En un encuentro de alto voltaje, cargado de fricci\u00f3n y con pasajes de juego muy f\u00edsico, la selecci\u00f3n de Fray Bentos no logr\u00f3 avanzar y<\/p>\n","protected":false},"author":1,"featured_media":9726,"comment_status":"closed","ping_status":"open","sticky":false,"template":"","format":"standard","meta":{"advgb_blocks_editor_width":"","advgb_blocks_columns_visual_guide":"","footnotes":"","jetpack_publicize_message":"En un encuentro de alto voltaje, cargado de fricci\u00f3n y con pasajes de juego muy f\u00edsico, la selecci\u00f3n de Fray Bentos no logr\u00f3 avanzar y ...Lee la nota completa\ud83d\udc47","jetpack_publicize_feature_enabled":true,"jetpack_social_post_already_shared":false,"jetpack_social_options":{"image_generator_settings":{"template":"highway","default_image_id":0,"font":"","enabled":false},"version":2}},"categories":[5],"tags":[],"class_list":["post-9725","post","type-post","status-publish","format-standard","has-post-thumbnail","hentry","category-de-la-tribuna"],"author_meta":{"display_name":"Portal","author_link":"https:\/\/portaldeyoung.uy\/index.php\/author\/admin_port\/"},"featured_img":"https:\/\/portaldeyoung.uy\/wp-content\/uploads\/2026\/04\/fray-bentos-300x161.png","jetpack_publicize_connections":[],"coauthors":[],"tax_additional":{"categories":{"linked":["<a href=\"https:\/\/portaldeyoung.uy\/index.php\/category\/de-la-tribuna\/\" class=\"advgb-post-tax-term\">De la tribuna<\/a>"],"unlinked":["<span class=\"advgb-post-tax-term\">De la tribuna<\/span>"]}},"comment_count":"0","relative_dates":{"created":"Publicado 4 semanas hace","modified":"Actualizado 4 semanas hace"},"absolute_dates":{"created":"Publicado el abril 5, 2026","modified":"Actualizado el abril 5, 2026"},"absolute_dates_time":{"created":"Publicado el abril 5, 2026 10:15 am","modified":"Actualizado el abril 5, 2026 10:15 am"},"featured_img_caption":"","series_order":"","_links":{"self":[{"href":"https:\/\/portaldeyoung.uy\/index.php\/wp-json\/wp\/v2\/posts\/9725","targetHints":{"allow":["GET"]}}],"collection":[{"href":"https:\/\/portaldeyoung.uy\/index.php\/wp-json\/wp\/v2\/posts"}],"about":[{"href":"https:\/\/portaldeyoung.uy\/index.php\/wp-json\/wp\/v2\/types\/post"}],"author":[{"embeddable":true,"href":"https:\/\/portaldeyoung.uy\/index.php\/wp-json\/wp\/v2\/users\/1"}],"replies":[{"embeddable":true,"href":"https:\/\/portaldeyoung.uy\/index.php\/wp-json\/wp\/v2\/comments?post=9725"}],"version-history":[{"count":1,"href":"https:\/\/portaldeyoung.uy\/index.php\/wp-json\/wp\/v2\/posts\/9725\/revisions"}],"predecessor-version":[{"id":9727,"href":"https:\/\/portaldeyoung.uy\/index.php\/wp-json\/wp\/v2\/posts\/9725\/revisions\/9727"}],"wp:featuredmedia":[{"embeddable":true,"href":"https:\/\/portaldeyoung.uy\/index.php\/wp-json\/wp\/v2\/media\/9726"}],"wp:attachment":[{"href":"https:\/\/portaldeyoung.uy\/index.php\/wp-json\/wp\/v2\/media?parent=9725"}],"wp:term":[{"taxonomy":"category","embeddable":true,"href":"https:\/\/portaldeyoung.uy\/index.php\/wp-json\/wp\/v2\/categories?post=9725"},{"taxonomy":"post_tag","embeddable":true,"href":"https:\/\/portaldeyoung.uy\/index.php\/wp-json\/wp\/v2\/tags?post=9725"}],"curies":[{"name":"wp","href":"https:\/\/api.w.org\/{rel}","templated":true}]}}