{"id":9715,"date":"2026-04-05T09:51:29","date_gmt":"2026-04-05T12:51:29","guid":{"rendered":"https:\/\/portaldeyoung.uy\/?p=9715"},"modified":"2026-04-06T06:46:15","modified_gmt":"2026-04-06T09:46:15","slug":"impactante-revelacion-sobre-el-tunel-en-ciudad-vieja-no-era-para-ingresar-sino-para-escapar-tras-un-asalto-tipo-robo-del-siglo","status":"publish","type":"post","link":"https:\/\/portaldeyoung.uy\/index.php\/2026\/04\/05\/impactante-revelacion-sobre-el-tunel-en-ciudad-vieja-no-era-para-ingresar-sino-para-escapar-tras-un-asalto-tipo-robo-del-siglo\/","title":{"rendered":"Impactante revelaci\u00f3n sobre el t\u00fanel en Ciudad Vieja: no era para ingresar, sino para escapar tras un asalto tipo \u201cRobo del Siglo\u201d"},"content":{"rendered":"\n<p>Un nuevo giro en la investigaci\u00f3n del enigm\u00e1tico t\u00fanel descubierto el pasado 3 de febrero en la intersecci\u00f3n de Col\u00f3n y 25 de Mayo, en plena Ciudad Vieja de Montevideo, deja al descubierto un plan criminal de alta complejidad que, de haberse concretado, podr\u00eda haber marcado uno de los episodios delictivos m\u00e1s impactantes en la historia reciente del pa\u00eds.<\/p>\n\n\n\n<p>El periodista Eduardo Preve, a trav\u00e9s de su informe audiovisual \u201cLa Tapadita\u201d, aport\u00f3 detalles clave que modifican sustancialmente la hip\u00f3tesis inicial. En un primer momento, se presum\u00eda que el t\u00fanel ten\u00eda como objetivo ingresar a una instituci\u00f3n bancaria desde el subsuelo. Sin embargo, la investigaci\u00f3n revel\u00f3 que su verdadero prop\u00f3sito era facilitar la huida tras un asalto armado.<\/p>\n\n\n\n<h3 class=\"wp-block-heading\">Un plan sofisticado y con sello internacional<\/h3>\n\n\n\n<p>De acuerdo a la informaci\u00f3n difundida, la organizaci\u00f3n delictiva \u2014integrada por al menos 11 personas ya detenidas\u2014 contaba con participaci\u00f3n de criminales extranjeros, concretamente vinculados al grupo brasile\u00f1o Primeiro Comando da Capital (PCC), una de las facciones m\u00e1s poderosas de la regi\u00f3n.<\/p>\n\n\n\n<p>El objetivo del golpe era el BBVA ubicado en la zona, descart\u00e1ndose as\u00ed las hip\u00f3tesis iniciales que apuntaban a otras entidades como el Banco Rep\u00fablica o Ita\u00fa.<\/p>\n\n\n\n<p>El plan consist\u00eda en ingresar por la puerta principal del banco, reducir a funcionarios, custodios y eventuales polic\u00edas presentes, tomar rehenes y ejecutar el robo de la b\u00f3veda y de los cofres de seguridad, donde habitualmente los clientes almacenan dinero en efectivo y objetos de valor como joyas.<\/p>\n\n\n\n<h3 class=\"wp-block-heading\">El t\u00fanel: una v\u00eda de escape cuidadosamente dise\u00f1ada<\/h3>\n\n\n\n<p>Uno de los aspectos m\u00e1s llamativos del caso es que el t\u00fanel no estaba destinado al ingreso, sino a la fuga. La banda hab\u00eda alquilado un local comercial en Ciudad Vieja, desde donde iniciaron una excavaci\u00f3n conectada al sistema de alcantarillado. La salida prevista daba a la calle Col\u00f3n, permitiendo una retirada r\u00e1pida y discreta.<\/p>\n\n\n\n<p>Seg\u00fan se desprende del informe, el t\u00fanel iba a ser finalizado desde el interior del banco, una vez concretado el asalto. Es decir, mientras manten\u00edan a las v\u00edctimas como rehenes, los delincuentes completar\u00edan la conexi\u00f3n final para escapar sin ser detectados.<\/p>\n\n\n\n<p>Este modus operandi guarda un notable paralelismo con el recordado Robo del Siglo, tanto por el uso de t\u00faneles como por la planificaci\u00f3n minuciosa y la toma de rehenes.<\/p>\n\n\n\n<figure class=\"wp-block-image size-full\"><img loading=\"lazy\" decoding=\"async\" width=\"642\" height=\"420\" src=\"https:\/\/portaldeyoung.uy\/wp-content\/uploads\/2026\/02\/robo-tunel.png\" alt=\"\" class=\"wp-image-8002\" srcset=\"https:\/\/portaldeyoung.uy\/wp-content\/uploads\/2026\/02\/robo-tunel.png 642w, https:\/\/portaldeyoung.uy\/wp-content\/uploads\/2026\/02\/robo-tunel-300x196.png 300w\" sizes=\"auto, (max-width: 642px) 100vw, 642px\" \/><\/figure>\n\n\n\n<h3 class=\"wp-block-heading\">Inteligencia y prevenci\u00f3n: claves para frustrar el golpe<\/h3>\n\n\n\n<p>La operaci\u00f3n fue desarticulada gracias a un trabajo coordinado de inteligencia, que incluy\u00f3 informaci\u00f3n proveniente de autoridades brasile\u00f1as sobre la presencia de esta banda en Uruguay, particularmente en la zona de El Pinar, donde hab\u00edan alquilado una casa.<\/p>\n\n\n\n<p>Adem\u00e1s, uno de los integrantes hab\u00eda abierto previamente un cofre de seguridad en el propio BBVA, lo que permiti\u00f3 a los investigadores confirmar con certeza el objetivo del grupo. Al inspeccionarlo, se encontraron documentos sin valor, lo que reforz\u00f3 la hip\u00f3tesis de una maniobra preparatoria.<\/p>\n\n\n\n<p>La Polic\u00eda Nacional de Uruguay logr\u00f3 as\u00ed anticiparse a un golpe que, por su escala y caracter\u00edsticas, ya era catalogado como un posible \u201csegundo Robo del Siglo\u201d.<\/p>\n\n\n\n<h3 class=\"wp-block-heading\">Un caso que pudo hacer historia<\/h3>\n\n\n\n<p>La magnitud del operativo, la log\u00edstica empleada y la participaci\u00f3n de una organizaci\u00f3n criminal internacional colocan este caso como uno de los m\u00e1s relevantes en materia de seguridad en los \u00faltimos tiempos en Uruguay.<\/p>\n\n\n\n<p>La r\u00e1pida actuaci\u00f3n policial no solo evit\u00f3 un millonario robo, sino tambi\u00e9n una situaci\u00f3n de alto riesgo para decenas de personas.<\/p>\n\n\n\n<p>La investigaci\u00f3n contin\u00faa abierta, mientras se profundiza en las conexiones internacionales de la banda y en posibles ramificaciones locales que hayan colaborado con la planificaci\u00f3n del frustrado atraco.<\/p>\n","protected":false},"excerpt":{"rendered":"<p>Un nuevo giro en la investigaci\u00f3n del enigm\u00e1tico t\u00fanel descubierto el pasado 3 de febrero en la intersecci\u00f3n de Col\u00f3n y 25 de Mayo, en<\/p>\n","protected":false},"author":1,"featured_media":8064,"comment_status":"closed","ping_status":"open","sticky":false,"template":"","format":"standard","meta":{"advgb_blocks_editor_width":"","advgb_blocks_columns_visual_guide":"","footnotes":"","jetpack_publicize_message":"Un nuevo giro en la investigaci\u00f3n del enigm\u00e1tico t\u00fanel descubierto el pasado 3 de febrero en la intersecci\u00f3n de Col\u00f3n y 25 de Mayo, en plena Ciudad Vieja de Montevideo, deja al ...Lee la nota completa\ud83d\udc47","jetpack_publicize_feature_enabled":true,"jetpack_social_post_already_shared":false,"jetpack_social_options":{"image_generator_settings":{"template":"highway","default_image_id":0,"font":"","enabled":false},"version":2}},"categories":[7],"tags":[],"class_list":["post-9715","post","type-post","status-publish","format-standard","has-post-thumbnail","hentry","category-del-pais"],"author_meta":{"display_name":"Portal","author_link":"https:\/\/portaldeyoung.uy\/index.php\/author\/admin_port\/"},"featured_img":"https:\/\/portaldeyoung.uy\/wp-content\/uploads\/2026\/02\/tunel-ciudad-vieja-300x168.png","jetpack_publicize_connections":[],"coauthors":[],"tax_additional":{"categories":{"linked":["<a href=\"https:\/\/portaldeyoung.uy\/index.php\/category\/del-pais\/\" class=\"advgb-post-tax-term\">Del pa\u00eds<\/a>"],"unlinked":["<span class=\"advgb-post-tax-term\">Del pa\u00eds<\/span>"]}},"comment_count":"0","relative_dates":{"created":"Publicado 4 semanas hace","modified":"Actualizado 3 semanas hace"},"absolute_dates":{"created":"Publicado el abril 5, 2026","modified":"Actualizado el abril 6, 2026"},"absolute_dates_time":{"created":"Publicado el abril 5, 2026 9:51 am","modified":"Actualizado el abril 6, 2026 6:46 am"},"featured_img_caption":"","series_order":"","_links":{"self":[{"href":"https:\/\/portaldeyoung.uy\/index.php\/wp-json\/wp\/v2\/posts\/9715","targetHints":{"allow":["GET"]}}],"collection":[{"href":"https:\/\/portaldeyoung.uy\/index.php\/wp-json\/wp\/v2\/posts"}],"about":[{"href":"https:\/\/portaldeyoung.uy\/index.php\/wp-json\/wp\/v2\/types\/post"}],"author":[{"embeddable":true,"href":"https:\/\/portaldeyoung.uy\/index.php\/wp-json\/wp\/v2\/users\/1"}],"replies":[{"embeddable":true,"href":"https:\/\/portaldeyoung.uy\/index.php\/wp-json\/wp\/v2\/comments?post=9715"}],"version-history":[{"count":3,"href":"https:\/\/portaldeyoung.uy\/index.php\/wp-json\/wp\/v2\/posts\/9715\/revisions"}],"predecessor-version":[{"id":9719,"href":"https:\/\/portaldeyoung.uy\/index.php\/wp-json\/wp\/v2\/posts\/9715\/revisions\/9719"}],"wp:featuredmedia":[{"embeddable":true,"href":"https:\/\/portaldeyoung.uy\/index.php\/wp-json\/wp\/v2\/media\/8064"}],"wp:attachment":[{"href":"https:\/\/portaldeyoung.uy\/index.php\/wp-json\/wp\/v2\/media?parent=9715"}],"wp:term":[{"taxonomy":"category","embeddable":true,"href":"https:\/\/portaldeyoung.uy\/index.php\/wp-json\/wp\/v2\/categories?post=9715"},{"taxonomy":"post_tag","embeddable":true,"href":"https:\/\/portaldeyoung.uy\/index.php\/wp-json\/wp\/v2\/tags?post=9715"}],"curies":[{"name":"wp","href":"https:\/\/api.w.org\/{rel}","templated":true}]}}