{"id":9710,"date":"2026-04-05T09:27:31","date_gmt":"2026-04-05T12:27:31","guid":{"rendered":"https:\/\/portaldeyoung.uy\/?p=9710"},"modified":"2026-04-05T09:27:33","modified_gmt":"2026-04-05T12:27:33","slug":"denuncian-presunta-red-de-venta-de-permisos-falsos-para-aplicaciones-hay-alrededor-de-mil-autos-ilegales","status":"publish","type":"post","link":"https:\/\/portaldeyoung.uy\/index.php\/2026\/04\/05\/denuncian-presunta-red-de-venta-de-permisos-falsos-para-aplicaciones-hay-alrededor-de-mil-autos-ilegales\/","title":{"rendered":"Denuncian presunta red de venta de permisos falsos para aplicaciones: \u00abHay alrededor de mil autos ilegales\u00bb"},"content":{"rendered":"\n<p>Conductores presentaron la denuncia ante la Fiscal\u00eda. \u00abReduce nuestra jornada laboral\u00bb, aseguran desde la asociaci\u00f3n que los nuclea.<\/p>\n\n\n\n<p>Denuncian <strong>estafas<\/strong> en <strong>aplicaciones<\/strong> de transporte. Sospechan de una red de taxis truchos, y una organizaci\u00f3n que falsifica documentos y crea cuentas paralelas. La Asociaci\u00f3n de Conductores Uruguayos de Aplicaciones (ACUA) present\u00f3 una denuncia en Fiscal\u00eda.<\/p>\n\n\n\n<p>Gerardo Sastre, de la asociaci\u00f3n, cont\u00f3 que varios conductores han colaborado \u00abcon pruebas\u00bb para poder llevar la informaci\u00f3n a Fiscal\u00eda a trav\u00e9s del edil Rafael Seijas.<\/p>\n\n\n\n<p>La organizaci\u00f3n vender\u00eda t\u00edtulos de taxis a choferes que se registran as\u00ed en las plataformas pero, luego, buscan pasajeros en sus veh\u00edculos particulares y est\u00e1n, por tanto, al margen de cualquier control.<\/p>\n\n\n\n<p>\u00abAlrededor de 1.000 autos ilegales est\u00e1n afectando la actividad. No solo la actividad del transporte por aplicaciones. Afecta la actividad del taxi tambi\u00e9n. Porque si vamos a poner n\u00fameros arriba de la mesa, la gente cuando pide un servicio individual, taxis, remixes y auto de aplicaci\u00f3n, cumplen esa funci\u00f3n. M\u00e1s los mil ilegales que tenemos ahora en Montevideo, es una preocupaci\u00f3n grande porque reduce nuestra jornada laboral\u00bb, dijo Sastre.<\/p>\n","protected":false},"excerpt":{"rendered":"<p>Conductores presentaron la denuncia ante la Fiscal\u00eda. \u00abReduce nuestra jornada laboral\u00bb, aseguran desde la asociaci\u00f3n que los nuclea. Denuncian estafas en aplicaciones de transporte. Sospechan<\/p>\n","protected":false},"author":1,"featured_media":598,"comment_status":"closed","ping_status":"open","sticky":false,"template":"","format":"standard","meta":{"advgb_blocks_editor_width":"","advgb_blocks_columns_visual_guide":"","footnotes":"","jetpack_publicize_message":"Conductores presentaron la denuncia ante la Fiscal\u00eda. \"Reduce nuestra jornada laboral\", aseguran desde la asociaci\u00f3n que los ..Lee la nota completa\ud83d\udc47","jetpack_publicize_feature_enabled":true,"jetpack_social_post_already_shared":false,"jetpack_social_options":{"image_generator_settings":{"template":"highway","default_image_id":0,"font":"","enabled":false},"version":2}},"categories":[7],"tags":[],"class_list":["post-9710","post","type-post","status-publish","format-standard","has-post-thumbnail","hentry","category-del-pais"],"author_meta":{"display_name":"Portal","author_link":"https:\/\/portaldeyoung.uy\/index.php\/author\/admin_port\/"},"featured_img":"https:\/\/portaldeyoung.uy\/wp-content\/uploads\/2025\/06\/Transito-300x194.png","jetpack_publicize_connections":[],"coauthors":[],"tax_additional":{"categories":{"linked":["<a href=\"https:\/\/portaldeyoung.uy\/index.php\/category\/del-pais\/\" class=\"advgb-post-tax-term\">Del pa\u00eds<\/a>"],"unlinked":["<span class=\"advgb-post-tax-term\">Del pa\u00eds<\/span>"]}},"comment_count":"0","relative_dates":{"created":"Publicado 4 semanas hace","modified":"Actualizado 4 semanas hace"},"absolute_dates":{"created":"Publicado el abril 5, 2026","modified":"Actualizado el abril 5, 2026"},"absolute_dates_time":{"created":"Publicado el abril 5, 2026 9:27 am","modified":"Actualizado el abril 5, 2026 9:27 am"},"featured_img_caption":"","series_order":"","_links":{"self":[{"href":"https:\/\/portaldeyoung.uy\/index.php\/wp-json\/wp\/v2\/posts\/9710","targetHints":{"allow":["GET"]}}],"collection":[{"href":"https:\/\/portaldeyoung.uy\/index.php\/wp-json\/wp\/v2\/posts"}],"about":[{"href":"https:\/\/portaldeyoung.uy\/index.php\/wp-json\/wp\/v2\/types\/post"}],"author":[{"embeddable":true,"href":"https:\/\/portaldeyoung.uy\/index.php\/wp-json\/wp\/v2\/users\/1"}],"replies":[{"embeddable":true,"href":"https:\/\/portaldeyoung.uy\/index.php\/wp-json\/wp\/v2\/comments?post=9710"}],"version-history":[{"count":1,"href":"https:\/\/portaldeyoung.uy\/index.php\/wp-json\/wp\/v2\/posts\/9710\/revisions"}],"predecessor-version":[{"id":9711,"href":"https:\/\/portaldeyoung.uy\/index.php\/wp-json\/wp\/v2\/posts\/9710\/revisions\/9711"}],"wp:featuredmedia":[{"embeddable":true,"href":"https:\/\/portaldeyoung.uy\/index.php\/wp-json\/wp\/v2\/media\/598"}],"wp:attachment":[{"href":"https:\/\/portaldeyoung.uy\/index.php\/wp-json\/wp\/v2\/media?parent=9710"}],"wp:term":[{"taxonomy":"category","embeddable":true,"href":"https:\/\/portaldeyoung.uy\/index.php\/wp-json\/wp\/v2\/categories?post=9710"},{"taxonomy":"post_tag","embeddable":true,"href":"https:\/\/portaldeyoung.uy\/index.php\/wp-json\/wp\/v2\/tags?post=9710"}],"curies":[{"name":"wp","href":"https:\/\/api.w.org\/{rel}","templated":true}]}}