{"id":970,"date":"2025-07-02T10:29:53","date_gmt":"2025-07-02T10:29:53","guid":{"rendered":"https:\/\/portaldeyoung.uy\/?p=970"},"modified":"2025-07-02T10:29:56","modified_gmt":"2025-07-02T10:29:56","slug":"la-banda-orquesta-departamental-celebro-30-anos-de-trayectoria","status":"publish","type":"post","link":"https:\/\/portaldeyoung.uy\/index.php\/2025\/07\/02\/la-banda-orquesta-departamental-celebro-30-anos-de-trayectoria\/","title":{"rendered":"La Banda Orquesta Departamental celebr\u00f3 30 a\u00f1os de trayectoria"},"content":{"rendered":"\n<p>Con un emotivo concierto aniversario en el Teatro \u201cMiguel Young\u201d, este prestigioso grupo deleit\u00f3 a los asistentes con un variado repertorio; en una velada que homenaje\u00f3 tres d\u00e9cadas de compromiso cultural y musical.<\/p>\n\n\n\n<p>Participaron del evento, la Directora de Cultura de la Intendencia, Mtra. Mar\u00eda del Huerto Tori, as\u00ed como autoridades municipales electas para el per\u00edodo 2025\u20132030, quienes destacaron el valor patrimonial y social de la Banda Orquesta.<\/p>\n","protected":false},"excerpt":{"rendered":"<p>Con un emotivo concierto aniversario en el Teatro \u201cMiguel Young\u201d, este prestigioso grupo deleit\u00f3 a los asistentes con un variado repertorio; en una velada que<\/p>\n","protected":false},"author":1,"featured_media":971,"comment_status":"open","ping_status":"open","sticky":false,"template":"","format":"standard","meta":{"advgb_blocks_editor_width":"","advgb_blocks_columns_visual_guide":"","footnotes":"","jetpack_publicize_message":"","jetpack_publicize_feature_enabled":true,"jetpack_social_post_already_shared":true,"jetpack_social_options":{"image_generator_settings":{"template":"highway","default_image_id":0,"font":"","enabled":false},"version":2}},"categories":[6],"tags":[],"class_list":["post-970","post","type-post","status-publish","format-standard","has-post-thumbnail","hentry","category-del-departamento"],"author_meta":{"display_name":"Portal","author_link":"https:\/\/portaldeyoung.uy\/index.php\/author\/admin_port\/"},"featured_img":"https:\/\/portaldeyoung.uy\/wp-content\/uploads\/2025\/07\/orquesta-municipal-300x169.jpg","jetpack_publicize_connections":[],"coauthors":[],"tax_additional":{"categories":{"linked":["<a href=\"https:\/\/portaldeyoung.uy\/index.php\/category\/del-departamento\/\" class=\"advgb-post-tax-term\">Del departamento<\/a>"],"unlinked":["<span class=\"advgb-post-tax-term\">Del departamento<\/span>"]}},"comment_count":"0","relative_dates":{"created":"Publicado 10 meses hace","modified":"Actualizado 10 meses hace"},"absolute_dates":{"created":"Publicado el julio 2, 2025","modified":"Actualizado el julio 2, 2025"},"absolute_dates_time":{"created":"Publicado el julio 2, 2025 10:29 am","modified":"Actualizado el julio 2, 2025 10:29 am"},"featured_img_caption":"","series_order":"","_links":{"self":[{"href":"https:\/\/portaldeyoung.uy\/index.php\/wp-json\/wp\/v2\/posts\/970","targetHints":{"allow":["GET"]}}],"collection":[{"href":"https:\/\/portaldeyoung.uy\/index.php\/wp-json\/wp\/v2\/posts"}],"about":[{"href":"https:\/\/portaldeyoung.uy\/index.php\/wp-json\/wp\/v2\/types\/post"}],"author":[{"embeddable":true,"href":"https:\/\/portaldeyoung.uy\/index.php\/wp-json\/wp\/v2\/users\/1"}],"replies":[{"embeddable":true,"href":"https:\/\/portaldeyoung.uy\/index.php\/wp-json\/wp\/v2\/comments?post=970"}],"version-history":[{"count":1,"href":"https:\/\/portaldeyoung.uy\/index.php\/wp-json\/wp\/v2\/posts\/970\/revisions"}],"predecessor-version":[{"id":972,"href":"https:\/\/portaldeyoung.uy\/index.php\/wp-json\/wp\/v2\/posts\/970\/revisions\/972"}],"wp:featuredmedia":[{"embeddable":true,"href":"https:\/\/portaldeyoung.uy\/index.php\/wp-json\/wp\/v2\/media\/971"}],"wp:attachment":[{"href":"https:\/\/portaldeyoung.uy\/index.php\/wp-json\/wp\/v2\/media?parent=970"}],"wp:term":[{"taxonomy":"category","embeddable":true,"href":"https:\/\/portaldeyoung.uy\/index.php\/wp-json\/wp\/v2\/categories?post=970"},{"taxonomy":"post_tag","embeddable":true,"href":"https:\/\/portaldeyoung.uy\/index.php\/wp-json\/wp\/v2\/tags?post=970"}],"curies":[{"name":"wp","href":"https:\/\/api.w.org\/{rel}","templated":true}]}}