{"id":9635,"date":"2026-03-31T05:48:12","date_gmt":"2026-03-31T08:48:12","guid":{"rendered":"https:\/\/portaldeyoung.uy\/?p=9635"},"modified":"2026-03-31T05:48:14","modified_gmt":"2026-03-31T08:48:14","slug":"asse-lanzara-el-plan-piloto-del-same-en-paysandu-este-semestre-que-tambien-incluye-a-rio-negro","status":"publish","type":"post","link":"https:\/\/portaldeyoung.uy\/index.php\/2026\/03\/31\/asse-lanzara-el-plan-piloto-del-same-en-paysandu-este-semestre-que-tambien-incluye-a-rio-negro\/","title":{"rendered":"ASSE lanzar\u00e1 el plan piloto del SAME en Paysand\u00fa este semestre, que tambi\u00e9n incluye a R\u00edo Negro"},"content":{"rendered":"\n<p>Paysand\u00fa ser\u00e1 el punto de inicio de una estrategia nacional para fortalecer la atenci\u00f3n de emergencia y trauma en el sistema p\u00fablico, a trav\u00e9s del denominado SAME (Sistema de Atenci\u00f3n M\u00e9dica de Emergencia) de ASSE. As\u00ed lo anunci\u00f3  el diputado del Frente Amplio Federico Preve, quien se\u00f1al\u00f3 que el departamento ser\u00e1 incluido \u201ceste mismo semestre\u201d en un plan piloto que luego se extender\u00e1 a R\u00edo Negro y Salto, en el marco de \u201cuna pol\u00edtica que busca responder a una problem\u00e1tica cr\u00edtica de siniestralidad vial en el pa\u00eds\u201d.<\/p>\n\n\n\n<p>Preve explic\u00f3 que \u201cva a empezar en Paysand\u00fa con un plan piloto\u201d y que \u201cva a seguir en R\u00edo Negro y Salto\u201d, porque \u201cen el corredor de la ruta 3 es uno de los que est\u00e1 en rojo en la mortalidad en rutas\u201d.<br>La ministra de Salud, Cristina Lustemberg, y el director del SAME 105 ASSE, Gustavo Grecco, vendr\u00e1n a Paysand\u00fa, probablemente el pr\u00f3ximo 13 de abril, coincidentemente con la inauguraci\u00f3n del tom\u00f3grafo, para hacer el anuncio oficial.<\/p>\n\n\n\n<p>El legislador sostuvo que la apuesta del gobierno es reconstruir una estructura p\u00fablica de respuesta ante emergencias, luego de a\u00f1os en los que, a su juicio, el sistema fue debilitado. \u201cSe comprar\u00e1 una cantidad importante de ambulancias para el SAME\u201d y tambi\u00e9n se establecer\u00e1 \u201cuna estrategia nacional en todo el pa\u00eds del sistema de atenci\u00f3n a la emergencia y al trauma a nivel p\u00fablico\u201d, afirm\u00f3.<\/p>\n\n\n\n<p>Seg\u00fan dijo, la intenci\u00f3n es avanzar primero en la implementaci\u00f3n pr\u00e1ctica y luego en la consolidaci\u00f3n legal del sistema. \u201cLa idea es que en todo 2026 y 2027 se desarrolle en todo el pa\u00eds, y luego de tener ese plan inicial, ah\u00ed s\u00ed avanzar en una ley que integre todo\u201d, detall\u00f3.<\/p>\n\n\n\n<p>Preve vincul\u00f3 esta definici\u00f3n con un problema estructural del Uruguay. Record\u00f3 que el pa\u00eds mantiene cifras elevadas de mortalidad y secuelas por siniestros de tr\u00e1nsito, y advirti\u00f3 que no solo preocupan las muertes, sino tambi\u00e9n las consecuencias permanentes que dejan miles de lesionados. \u201cLa idea es que en 2027 el sistema de atenci\u00f3n a la emergencia est\u00e9 consolidado y por lo tanto tengamos menos mortalidad, menos de esos 480 muertos que tenemos cada a\u00f1o\u201d, se\u00f1al\u00f3. Pero adem\u00e1s remarc\u00f3 otro dato que consider\u00f3 impactante: \u201chay 4.000 lesionados que quedan con secuelas\u201d, una situaci\u00f3n que repercute \u201cen la vida de las personas, en el sistema de salud, en la seguridad social y en la capacidad laboral futura\u201d.<br>En esa misma l\u00ednea, indic\u00f3 que el problema tiene una dimensi\u00f3n todav\u00eda m\u00e1s profunda cuando se mira a la poblaci\u00f3n joven. \u201cHoy la primera causa de muerte en los menores de 35 a\u00f1os son los siniestros de tr\u00e1nsito\u201d, afirm\u00f3, al tiempo que mencion\u00f3 la incidencia del \u201cno uso del casco, el incumplimiento de se\u00f1ales y la escasa fiscalizaci\u00f3n de motocicletas\u201d, como factores que siguen agravando el escenario.<\/p>\n\n\n\n<h4 class=\"wp-block-heading\">\u201cUNA BUENA NOTICIA PARA TODO EL LITORAL\u201d<\/h4>\n\n\n\n<p>Tras referirse al SAME, Preve valor\u00f3 especialmente el paquete de medidas que el gobierno aplicar\u00e1 desde mayo en la frontera con Argentina, en una regi\u00f3n donde el desempleo sigue por encima del promedio nacional y donde la diferencia cambiaria ha golpeado con fuerza al comercio y a la actividad econ\u00f3mica.<br>\u201cMe parece una noticia muy importante para todo el litoral, pero particularmente Salto, Paysand\u00fa y R\u00edo Negro\u201d. En ese sentido, mencion\u00f3 \u201clas medidas de microimportaci\u00f3n, el descuento del Imesi, el descuento del aporte patronal en el primer a\u00f1o\u201d de contrataci\u00f3n, y defini\u00f3 ese conjunto de decisiones como \u201cuna buena noticia\u201d para una zona que presenta \u201cmayor tasa de desempleo que en el resto del pa\u00eds\u201d.<\/p>\n\n\n\n<p>El diputado reconoci\u00f3, sin embargo, que el anuncio llega en un contexto marcado por el aumento del 7% en los combustibles a partir de abril. Aun as\u00ed, consider\u00f3 que el impacto debe leerse en perspectiva regional. \u201cUruguay es el pa\u00eds de la regi\u00f3n que aumenta menos, bastante menos que en Argentina, Brasil y otros pa\u00edses\u201d, afirm\u00f3. Seg\u00fan explic\u00f3, el ajuste responde a factores internacionales vinculados al precio del petr\u00f3leo, pero con un efecto amortiguado a nivel local. \u201cAncap va a asumir costos en este proceso\u201d, asegur\u00f3.<\/p>\n\n\n\n<p>Para Preve, las medidas de frontera contribuir\u00e1n a amortiguar parte de ese impacto. \u201cYo creo que la medida que toma el gobierno, particularmente Industria y Ancap, son medidas sensatas\u201d, sostuvo. Y a\u00f1adi\u00f3 que \u201clas medidas de aplicaci\u00f3n en la frontera, que no se tomaron en este volumen y en este impacto en la gesti\u00f3n anterior, van a amortiguar este impacto y adem\u00e1s van a generar un alivio para los empresarios, y ojal\u00e1 posibilidades de empleo en esta regi\u00f3n\u201d.<\/p>\n\n\n\n<p>El legislador puso el foco en el deterioro que ha sufrido el litoral en los \u00faltimos a\u00f1os, a partir de la diferencia de precios con Argentina. Seg\u00fan afirm\u00f3, esa brecha cambi\u00f3 h\u00e1bitos de consumo, debilit\u00f3 a peque\u00f1as y medianas empresas y termin\u00f3 afectando el empleo. \u201cEso gener\u00f3 que hubo un consumo del Uruguay que se realiz\u00f3 en la Argentina, y eso gener\u00f3 mucho desempleo e inestabilidad\u201d, se\u00f1al\u00f3. A su entender, esa situaci\u00f3n explica por qu\u00e9 departamentos como Paysand\u00fa, Salto y R\u00edo Negro permanecen con tasas de desocupaci\u00f3n por encima del 10%, muy por encima del promedio nacional.<\/p>\n\n\n\n<p>Preve insisti\u00f3 en que la focalizaci\u00f3n territorial de las medidas no es casual. Dijo que el Ministerio de Econom\u00eda \u201ctiene el foco puesto\u201d en estas realidades y destac\u00f3 que los anuncios se hagan en el propio territorio. \u201cEs un gobierno que recorre el territorio y que ve los problemas\u201d, expres\u00f3, al defender la necesidad de que el crecimiento econ\u00f3mico no quede concentrado solamente en el sur del pa\u00eds.<\/p>\n\n\n\n<p><em>*El Tel\u00e9grafo<\/em><\/p>\n","protected":false},"excerpt":{"rendered":"<p>Paysand\u00fa ser\u00e1 el punto de inicio de una estrategia nacional para fortalecer la atenci\u00f3n de emergencia y trauma en el sistema p\u00fablico, a trav\u00e9s del<\/p>\n","protected":false},"author":1,"featured_media":9636,"comment_status":"closed","ping_status":"open","sticky":false,"template":"","format":"standard","meta":{"advgb_blocks_editor_width":"","advgb_blocks_columns_visual_guide":"","footnotes":"","jetpack_publicize_message":"En un plan piloto que luego se extender\u00e1 a R\u00edo Negro y Salto, en el marco de \u201cuna pol\u00edtica que busca responder a una problem\u00e1tica cr\u00edtica de siniestralidad vial en el pa\u00eds\u201d...Lee la nota completa\ud83d\udc47","jetpack_publicize_feature_enabled":true,"jetpack_social_post_already_shared":false,"jetpack_social_options":{"image_generator_settings":{"template":"highway","default_image_id":0,"font":"","enabled":false},"version":2}},"categories":[7],"tags":[],"class_list":["post-9635","post","type-post","status-publish","format-standard","has-post-thumbnail","hentry","category-del-pais"],"author_meta":{"display_name":"Portal","author_link":"https:\/\/portaldeyoung.uy\/index.php\/author\/admin_port\/"},"featured_img":"https:\/\/portaldeyoung.uy\/wp-content\/uploads\/2026\/03\/same-300x195.jpg","jetpack_publicize_connections":[],"coauthors":[],"tax_additional":{"categories":{"linked":["<a href=\"https:\/\/portaldeyoung.uy\/index.php\/category\/del-pais\/\" class=\"advgb-post-tax-term\">Del pa\u00eds<\/a>"],"unlinked":["<span class=\"advgb-post-tax-term\">Del pa\u00eds<\/span>"]}},"comment_count":"0","relative_dates":{"created":"Publicado 1 mes hace","modified":"Actualizado 1 mes hace"},"absolute_dates":{"created":"Publicado el marzo 31, 2026","modified":"Actualizado el marzo 31, 2026"},"absolute_dates_time":{"created":"Publicado el marzo 31, 2026 5:48 am","modified":"Actualizado el marzo 31, 2026 5:48 am"},"featured_img_caption":"","series_order":"","_links":{"self":[{"href":"https:\/\/portaldeyoung.uy\/index.php\/wp-json\/wp\/v2\/posts\/9635","targetHints":{"allow":["GET"]}}],"collection":[{"href":"https:\/\/portaldeyoung.uy\/index.php\/wp-json\/wp\/v2\/posts"}],"about":[{"href":"https:\/\/portaldeyoung.uy\/index.php\/wp-json\/wp\/v2\/types\/post"}],"author":[{"embeddable":true,"href":"https:\/\/portaldeyoung.uy\/index.php\/wp-json\/wp\/v2\/users\/1"}],"replies":[{"embeddable":true,"href":"https:\/\/portaldeyoung.uy\/index.php\/wp-json\/wp\/v2\/comments?post=9635"}],"version-history":[{"count":1,"href":"https:\/\/portaldeyoung.uy\/index.php\/wp-json\/wp\/v2\/posts\/9635\/revisions"}],"predecessor-version":[{"id":9637,"href":"https:\/\/portaldeyoung.uy\/index.php\/wp-json\/wp\/v2\/posts\/9635\/revisions\/9637"}],"wp:featuredmedia":[{"embeddable":true,"href":"https:\/\/portaldeyoung.uy\/index.php\/wp-json\/wp\/v2\/media\/9636"}],"wp:attachment":[{"href":"https:\/\/portaldeyoung.uy\/index.php\/wp-json\/wp\/v2\/media?parent=9635"}],"wp:term":[{"taxonomy":"category","embeddable":true,"href":"https:\/\/portaldeyoung.uy\/index.php\/wp-json\/wp\/v2\/categories?post=9635"},{"taxonomy":"post_tag","embeddable":true,"href":"https:\/\/portaldeyoung.uy\/index.php\/wp-json\/wp\/v2\/tags?post=9635"}],"curies":[{"name":"wp","href":"https:\/\/api.w.org\/{rel}","templated":true}]}}