{"id":9632,"date":"2026-03-31T05:37:33","date_gmt":"2026-03-31T08:37:33","guid":{"rendered":"https:\/\/portaldeyoung.uy\/?p=9632"},"modified":"2026-03-31T05:37:36","modified_gmt":"2026-03-31T08:37:36","slug":"beca-butia-22-000-estudiantes-accederan-a-cuenta-bancaria-y-tarjeta-de-debito-brou","status":"publish","type":"post","link":"https:\/\/portaldeyoung.uy\/index.php\/2026\/03\/31\/beca-butia-22-000-estudiantes-accederan-a-cuenta-bancaria-y-tarjeta-de-debito-brou\/","title":{"rendered":"Beca Buti\u00e1: 22.000 estudiantes acceder\u00e1n a cuenta bancaria y tarjeta de d\u00e9bito Brou"},"content":{"rendered":"\n<p>El presidente de la Administraci\u00f3n Nacional de Educaci\u00f3n P\u00fablica (ANEP), Pablo Caggiani, anunci\u00f3 una ampliaci\u00f3n significativa de la beca Buti\u00e1, que pasar\u00e1 de 14.000 a 22.000 estudiantes beneficiarios en 2026, con la proyecci\u00f3n de alcanzar los 70.000 para 2029. Seg\u00fan explic\u00f3, este apoyo econ\u00f3mico resulta clave para garantizar el acceso a la educaci\u00f3n de j\u00f3venes en situaci\u00f3n de vulnerabilidad, ya que quienes reciben estas ayudas registran mayores niveles de asistencia y culminaci\u00f3n de los ciclos educativos.<\/p>\n\n\n\n<p>En cuanto a los montos, se prev\u00e9 un incremento para la educaci\u00f3n media b\u00e1sica \u20147.\u00ba, 8.\u00ba y 9.\u00ba grado\u2014 que ascender\u00e1 a 13.000 pesos. Para la educaci\u00f3n media superior, en tanto, el aumento ser\u00e1 progresivo seg\u00fan el nivel curricular del estudiante. Actualmente, el programa se encuentra en fase de selecci\u00f3n entre unos 70.000 postulantes, proceso que incluye la evaluaci\u00f3n de cada caso y la validaci\u00f3n por parte de los centros educativos. Se estima que los primeros pagos se efectivicen hacia fines de abril, mientras que para menores de 14 a\u00f1os las transferencias se canalizar\u00e1n a trav\u00e9s del Banco de Previsi\u00f3n Social (BPS).<\/p>\n\n\n\n<p>En ese contexto, seg\u00fan informa Presidencia, el Banco Rep\u00fablica y Anep firmaron un acuerdo para facilitar el acceso a las becas a aquellos estudiantes mayores de 14 a\u00f1os, proporcion\u00e1ndoles&nbsp; una cuenta bancaria y una tarjeta de d\u00e9bito para cobrar la prestaci\u00f3n.<\/p>\n\n\n\n<p>El presidente del Brou, \u00c1lvaro Garc\u00eda, destac\u00f3 que el convenio vinculado a estas becas se alinea con los objetivos estrat\u00e9gicos de la instituci\u00f3n financiera, al acercarla a los sectores m\u00e1s j\u00f3venes. En ese marco, subray\u00f3 que una de las prioridades es fortalecer la educaci\u00f3n financiera, promoviendo que los estudiantes adquieran herramientas para un uso m\u00e1s responsable y eficiente de los recursos.<\/p>\n\n\n\n<p>Desde el BROU se impulsan diversas iniciativas en esa l\u00ednea, como un espacio l\u00fadico en su sede central y cuatro cursos permanentes a trav\u00e9s de la Fundaci\u00f3n Banco Rep\u00fablica. Adem\u00e1s, se han incorporado contenidos de educaci\u00f3n financiera en la curr\u00edcula de ANEP y se desarrollan gestiones junto a Ceibal. En la actividad tambi\u00e9n participaron el ministro de Educaci\u00f3n y Cultura, Jos\u00e9 Carlos Mah\u00eda; la directora del INJU, Mar\u00eda Eugenia Godoy; la directora del BPS, Ana Clara Bousses; la presidenta de Ceibal, Fiorella Haim; y la gerenta general del BROU, Mariela Espino.<\/p>\n\n\n\n<p>*<em>Con informaci\u00f3n de Presidencia<\/em><\/p>\n","protected":false},"excerpt":{"rendered":"<p>El presidente de la Administraci\u00f3n Nacional de Educaci\u00f3n P\u00fablica (ANEP), Pablo Caggiani, anunci\u00f3 una ampliaci\u00f3n significativa de la beca Buti\u00e1, que pasar\u00e1 de 14.000 a<\/p>\n","protected":false},"author":1,"featured_media":9633,"comment_status":"closed","ping_status":"open","sticky":false,"template":"","format":"standard","meta":{"advgb_blocks_editor_width":"","advgb_blocks_columns_visual_guide":"","footnotes":"","jetpack_publicize_message":"El presidente de la Administraci\u00f3n Nacional de Educaci\u00f3n P\u00fablica (ANEP), Pablo Caggiani, anunci\u00f3 una ampliaci\u00f3n significativa de la beca Buti\u00e1, que pasar\u00e1 de ...Lee la nota completa\ud83d\udc47","jetpack_publicize_feature_enabled":true,"jetpack_social_post_already_shared":false,"jetpack_social_options":{"image_generator_settings":{"template":"highway","default_image_id":0,"font":"","enabled":false},"version":2}},"categories":[7],"tags":[],"class_list":["post-9632","post","type-post","status-publish","format-standard","has-post-thumbnail","hentry","category-del-pais"],"author_meta":{"display_name":"Portal","author_link":"https:\/\/portaldeyoung.uy\/index.php\/author\/admin_port\/"},"featured_img":"https:\/\/portaldeyoung.uy\/wp-content\/uploads\/2026\/03\/BUTIA-300x169.jpeg","jetpack_publicize_connections":[],"coauthors":[],"tax_additional":{"categories":{"linked":["<a href=\"https:\/\/portaldeyoung.uy\/index.php\/category\/del-pais\/\" class=\"advgb-post-tax-term\">Del pa\u00eds<\/a>"],"unlinked":["<span class=\"advgb-post-tax-term\">Del pa\u00eds<\/span>"]}},"comment_count":"0","relative_dates":{"created":"Publicado 1 mes hace","modified":"Actualizado 1 mes hace"},"absolute_dates":{"created":"Publicado el marzo 31, 2026","modified":"Actualizado el marzo 31, 2026"},"absolute_dates_time":{"created":"Publicado el marzo 31, 2026 5:37 am","modified":"Actualizado el marzo 31, 2026 5:37 am"},"featured_img_caption":"","series_order":"","_links":{"self":[{"href":"https:\/\/portaldeyoung.uy\/index.php\/wp-json\/wp\/v2\/posts\/9632","targetHints":{"allow":["GET"]}}],"collection":[{"href":"https:\/\/portaldeyoung.uy\/index.php\/wp-json\/wp\/v2\/posts"}],"about":[{"href":"https:\/\/portaldeyoung.uy\/index.php\/wp-json\/wp\/v2\/types\/post"}],"author":[{"embeddable":true,"href":"https:\/\/portaldeyoung.uy\/index.php\/wp-json\/wp\/v2\/users\/1"}],"replies":[{"embeddable":true,"href":"https:\/\/portaldeyoung.uy\/index.php\/wp-json\/wp\/v2\/comments?post=9632"}],"version-history":[{"count":1,"href":"https:\/\/portaldeyoung.uy\/index.php\/wp-json\/wp\/v2\/posts\/9632\/revisions"}],"predecessor-version":[{"id":9634,"href":"https:\/\/portaldeyoung.uy\/index.php\/wp-json\/wp\/v2\/posts\/9632\/revisions\/9634"}],"wp:featuredmedia":[{"embeddable":true,"href":"https:\/\/portaldeyoung.uy\/index.php\/wp-json\/wp\/v2\/media\/9633"}],"wp:attachment":[{"href":"https:\/\/portaldeyoung.uy\/index.php\/wp-json\/wp\/v2\/media?parent=9632"}],"wp:term":[{"taxonomy":"category","embeddable":true,"href":"https:\/\/portaldeyoung.uy\/index.php\/wp-json\/wp\/v2\/categories?post=9632"},{"taxonomy":"post_tag","embeddable":true,"href":"https:\/\/portaldeyoung.uy\/index.php\/wp-json\/wp\/v2\/tags?post=9632"}],"curies":[{"name":"wp","href":"https:\/\/api.w.org\/{rel}","templated":true}]}}