{"id":9589,"date":"2026-03-30T07:53:59","date_gmt":"2026-03-30T10:53:59","guid":{"rendered":"https:\/\/portaldeyoung.uy\/?p=9589"},"modified":"2026-03-30T07:54:33","modified_gmt":"2026-03-30T10:54:33","slug":"gobierno-anuncio-ajuste-en-tarifas-de-combustibles-para-mitigar-aumento-internacional-del-petroleo","status":"publish","type":"post","link":"https:\/\/portaldeyoung.uy\/index.php\/2026\/03\/30\/gobierno-anuncio-ajuste-en-tarifas-de-combustibles-para-mitigar-aumento-internacional-del-petroleo\/","title":{"rendered":"Gobierno anunci\u00f3  ajuste en tarifas de combustibles para mitigar aumento internacional del petr\u00f3leo"},"content":{"rendered":"\n<p>El Poder Ejecutivo implementar\u00e1 a partir de abril un ajuste de 7 %, sustancialmente menor al registrado en el precio de paridad de importaci\u00f3n (PPI), en las tarifas de las naftas, gasoil y superg\u00e1s, como forma de mitigar el incremento de costo exponencial del petr\u00f3leo motivado por el conflicto en Medio Oriente. Adem\u00e1s, anunci\u00f3 cr\u00e9ditos blandos para los sectores productivos m\u00e1s afectados. La suba no ser\u00e1 trasladada al precio del boleto de \u00f3mnibus.<\/p>\n\n\n\n<p>El anuncio fue realizado en la tarde de este viernes 27 en Torre Ejecutiva por los ministros de Industria, Energ\u00eda y Miner\u00eda, <strong>Fernanda Cardona <\/strong>y de Econom\u00eda y Finanzas, <strong>Gabriel Oddone<\/strong>.<\/p>\n\n\n\n<p>Las medidas adoptadas por el Gobierno responden al\u00a0contexto mundial y nacional, <strong>\u201cque tenemos que seguir monitoreando hora a hora<\/strong>\u00ab, dijo Cardona, en el inicio de la intervenci\u00f3n. Record\u00f3 que el 28 de febrero de este a\u00f1o, con el inicio de la guerra en Medio Oriente, se marc\u00f3 un hito hist\u00f3rico en la din\u00e1mica del precio del petr\u00f3leo internacional.<\/p>\n\n\n\n<figure class=\"wp-block-image size-large\"><img loading=\"lazy\" decoding=\"async\" width=\"1024\" height=\"523\" src=\"https:\/\/portaldeyoung.uy\/wp-content\/uploads\/2026\/01\/nafta-combustible-1024x523.png\" alt=\"\" class=\"wp-image-7830\" srcset=\"https:\/\/portaldeyoung.uy\/wp-content\/uploads\/2026\/01\/nafta-combustible-1024x523.png 1024w, https:\/\/portaldeyoung.uy\/wp-content\/uploads\/2026\/01\/nafta-combustible-300x153.png 300w, https:\/\/portaldeyoung.uy\/wp-content\/uploads\/2026\/01\/nafta-combustible-768x392.png 768w, https:\/\/portaldeyoung.uy\/wp-content\/uploads\/2026\/01\/nafta-combustible.png 1101w\" sizes=\"auto, (max-width: 1024px) 100vw, 1024px\" \/><\/figure>\n\n\n\n<p>La ministra tambi\u00e9n record\u00f3 que la <strong>Agencia Internacional de Energ\u00eda At\u00f3mica <\/strong>(AIEA) dijo que esta es la mayor interrupci\u00f3n de suministro de crudo desde 1973, y por esa raz\u00f3n decidi\u00f3 liberar unos <strong>400 millones de barriles<\/strong>, la mayor reserva hasta el momento para mitigar estas consecuencias.<\/p>\n\n\n\n<p>Cardona precis\u00f3 que<strong> el precio del petr\u00f3leo pas\u00f3 de 70 d\u00f3lares en febrero a m\u00e1s de 100 en marzo<\/strong>, lo que supone un un aumento de 30 %, y el mayor incremento mensual m\u00e1s importante desde 1990, dijo. Tambi\u00e9n se refiri\u00f3 a la situaci\u00f3n de los precios en la regi\u00f3n que, en el caso de <strong>Argentina vari\u00f3 entre 20 y 25 %<\/strong>, <strong>Paraguay entre 18 y 28 %<\/strong>,<strong> Per\u00fa alcanz\u00f3 el 40 % <\/strong>y <strong>en Chile un incremento de 30 % en la nafta y 40 % en el gasoi<\/strong>l, detall\u00f3.<\/p>\n\n\n\n<p>La ministra indic\u00f3 que, si se trasladara completamente el precio de paridad de importaci\u00f3n (PPI) a las tarifas locales, la nafta deber\u00eda aumentar alrededor de 35%, el gasoil cerca de 60% y el superg\u00e1s un 33%, lo que&nbsp; implicar\u00eda&nbsp; un aumento de 13% para la nafta y 44% para el gasoil.<\/p>\n\n\n\n<p>En Uruguay,<strong> el Gobierno resolvi\u00f3 mantener la metodolog\u00eda de fijaci\u00f3n de precios vigente, con un<\/strong> <strong>ajuste del 7%.&nbsp;<\/strong>\u201cCon estas medidas se busca sostener el precio del boleto del transporte p\u00fablico y proteger el funcionamiento de sectores clave de la econom\u00eda\u201d, asegur\u00f3 la jerarca. Cardona subray\u00f3 que <strong>Uruguay cuenta con herramientas que permiten amortiguar parte de los impactos externos<\/strong>, entre ellas la refiner\u00eda de Ancap, lo que contribuye a evitar aumentos mayores en los precios de los combustibles.&nbsp;<\/p>\n\n\n\n<p>Oddone, por su parte, valor\u00f3 la decisi\u00f3n del Ejecutivo de reafirmar la metodolog\u00eda definida en mayo 2025, con ajustes bimensuales, con <strong>un tope m\u00e1ximo de 7 % de aumento<\/strong>. De esta forma el ajuste que se har\u00eda a fines de abril, se adelanta y se realiza en forma mensual, explic\u00f3.<\/p>\n\n\n\n<p>As\u00ed, desde el 1 de abril, el precio de la<strong> Nafta S\u00faper<\/strong>, ser\u00e1 de 82,27 pesos y el del <strong>Gasoil 50S<\/strong>, 50,63 pesos por litro.<\/p>\n\n\n\n<p>El ministro dijo que con esta medida el Gobierno reafirma la vigencia de la regla establecida y hace uso de una facultad extraordinaria, en funci\u00f3n de una situaci\u00f3n global que no sucede desde los a\u00f1os 90. Aclar\u00f3 que, <strong>de no disponer de una regla de este tipo, los aumentos ser\u00edan extraordinariamente m\u00e1s altos llegando al 13 % en naftas y 44 % en gasoil en lugar de 7 %.<\/strong><\/p>\n\n\n\n<p>Oddone reafirm\u00f3 que no seguir la regla del precio de paridad de importaci\u00f3n (PPI) es una discusi\u00f3n importante en el pa\u00eds para proteger la estabilidad de precios. De esta forma, <strong>el Estado busca mitigar el efecto,<\/strong> hasta tener m\u00e1s informaci\u00f3n de lo que est\u00e1 ocurriendo. Sobre la gesti\u00f3n del suministro y la disponibilidad, se realiza un seguimiento fino con proveedores, as\u00ed como de la demanda espuria que se puede generar.<\/p>\n\n\n\n<h3 class=\"wp-block-heading\">Medidas de mitigaci\u00f3n<\/h3>\n\n\n\n<p>El Gobierno dispuso una serie de medidas de mitigaci\u00f3n extraordinarias para tranquilizar a la poblaci\u00f3n y a las \u00e1reas productivas m\u00e1s expuestas a fluctuaciones del combustible por su uso intensivo:<\/p>\n\n\n\n<p>\u2022 <strong>ANDE<\/strong>: Creaci\u00f3n de un instrumento de cr\u00e9dito blando, a trav\u00e9s de las instituciones de microfinanzas, dirigido a los sectores de actividad de cereales, oleaginosos, legumbres, arroz y cultivos de invierno de lecher\u00eda, por un monto m\u00e1ximo de 30.000 d\u00f3lares y un plazo m\u00e1ximo de seis meses, para subsidiar hasta el 50 % de la tasa de inter\u00e9s de los cr\u00e9ditos, con un tope de 350 puntos b\u00e1sicos.<\/p>\n\n\n\n<p>\u2022 <strong>Garant\u00eda SIGA:<\/strong> Extensi\u00f3n de los beneficios del SIGA Agro a los sectores definidos en todo el territorio, estableciendo una comisi\u00f3n del 0,6 %, significativamente inferior a la comisi\u00f3n general, que se ubica entre 2 % y 3 %.<\/p>\n\n\n\n<p>\u2022 <strong>BROU<\/strong>: Exoneraci\u00f3n del costo de la comisi\u00f3n para los beneficiarios SIGA que tomen cr\u00e9dito con BROU.<\/p>\n\n\n\n<p>La financiaci\u00f3n de los cultivos de verano suele cancelarse el 30 de junio con el producido de la cosecha. Dada la situaci\u00f3n extraordinaria, se prev\u00e9 que se realicen de manera parcial en esa fecha y el saldo se abone con el producido de la zafra 2027. En este marco, el plazo del pr\u00e9stamo se extender\u00e1 en 12 meses.<\/p>\n\n\n\n<p><em>*Presidencia<\/em><\/p>\n","protected":false},"excerpt":{"rendered":"<p>El Poder Ejecutivo implementar\u00e1 a partir de abril un ajuste de 7 %, sustancialmente menor al registrado en el precio de paridad de importaci\u00f3n (PPI),<\/p>\n","protected":false},"author":1,"featured_media":9590,"comment_status":"closed","ping_status":"open","sticky":false,"template":"","format":"standard","meta":{"advgb_blocks_editor_width":"","advgb_blocks_columns_visual_guide":"","footnotes":"","jetpack_publicize_message":"El Poder Ejecutivo implementar\u00e1 a partir de abril un ajuste de 7 %, sustancialmente menor al registrado en el precio de paridad de importaci\u00f3n (PPI), en las ...Lee la nota completa\ud83d\udc47","jetpack_publicize_feature_enabled":true,"jetpack_social_post_already_shared":false,"jetpack_social_options":{"image_generator_settings":{"template":"highway","default_image_id":0,"font":"","enabled":false},"version":2}},"categories":[7],"tags":[],"class_list":["post-9589","post","type-post","status-publish","format-standard","has-post-thumbnail","hentry","category-del-pais"],"author_meta":{"display_name":"Portal","author_link":"https:\/\/portaldeyoung.uy\/index.php\/author\/admin_port\/"},"featured_img":"https:\/\/portaldeyoung.uy\/wp-content\/uploads\/2026\/03\/Odone-y-Cardona-300x161.png","jetpack_publicize_connections":[],"coauthors":[],"tax_additional":{"categories":{"linked":["<a href=\"https:\/\/portaldeyoung.uy\/index.php\/category\/del-pais\/\" class=\"advgb-post-tax-term\">Del pa\u00eds<\/a>"],"unlinked":["<span class=\"advgb-post-tax-term\">Del pa\u00eds<\/span>"]}},"comment_count":"0","relative_dates":{"created":"Publicado 1 mes hace","modified":"Actualizado 1 mes hace"},"absolute_dates":{"created":"Publicado el marzo 30, 2026","modified":"Actualizado el marzo 30, 2026"},"absolute_dates_time":{"created":"Publicado el marzo 30, 2026 7:53 am","modified":"Actualizado el marzo 30, 2026 7:54 am"},"featured_img_caption":"","series_order":"","_links":{"self":[{"href":"https:\/\/portaldeyoung.uy\/index.php\/wp-json\/wp\/v2\/posts\/9589","targetHints":{"allow":["GET"]}}],"collection":[{"href":"https:\/\/portaldeyoung.uy\/index.php\/wp-json\/wp\/v2\/posts"}],"about":[{"href":"https:\/\/portaldeyoung.uy\/index.php\/wp-json\/wp\/v2\/types\/post"}],"author":[{"embeddable":true,"href":"https:\/\/portaldeyoung.uy\/index.php\/wp-json\/wp\/v2\/users\/1"}],"replies":[{"embeddable":true,"href":"https:\/\/portaldeyoung.uy\/index.php\/wp-json\/wp\/v2\/comments?post=9589"}],"version-history":[{"count":2,"href":"https:\/\/portaldeyoung.uy\/index.php\/wp-json\/wp\/v2\/posts\/9589\/revisions"}],"predecessor-version":[{"id":9592,"href":"https:\/\/portaldeyoung.uy\/index.php\/wp-json\/wp\/v2\/posts\/9589\/revisions\/9592"}],"wp:featuredmedia":[{"embeddable":true,"href":"https:\/\/portaldeyoung.uy\/index.php\/wp-json\/wp\/v2\/media\/9590"}],"wp:attachment":[{"href":"https:\/\/portaldeyoung.uy\/index.php\/wp-json\/wp\/v2\/media?parent=9589"}],"wp:term":[{"taxonomy":"category","embeddable":true,"href":"https:\/\/portaldeyoung.uy\/index.php\/wp-json\/wp\/v2\/categories?post=9589"},{"taxonomy":"post_tag","embeddable":true,"href":"https:\/\/portaldeyoung.uy\/index.php\/wp-json\/wp\/v2\/tags?post=9589"}],"curies":[{"name":"wp","href":"https:\/\/api.w.org\/{rel}","templated":true}]}}