{"id":9586,"date":"2026-03-30T07:49:36","date_gmt":"2026-03-30T10:49:36","guid":{"rendered":"https:\/\/portaldeyoung.uy\/?p=9586"},"modified":"2026-03-30T07:49:38","modified_gmt":"2026-03-30T10:49:38","slug":"internaron-al-joven-de-18-anos-que-mato-a-un-hombre-de-57-que-se-masturbaba-frente-a-menores","status":"publish","type":"post","link":"https:\/\/portaldeyoung.uy\/index.php\/2026\/03\/30\/internaron-al-joven-de-18-anos-que-mato-a-un-hombre-de-57-que-se-masturbaba-frente-a-menores\/","title":{"rendered":"Internaron al joven de 18 a\u00f1os que mat\u00f3 a un hombre de 57 que se masturbaba frente a menores"},"content":{"rendered":"\n<p>El joven de 18 a\u00f1os fue detenido y la Fiscal\u00eda le tipific\u00f3 un delito de \u201chomicidio en calidad de autor inimputable\u201d. Fue internado en un centro de salud.<\/p>\n\n\n\n<p>El joven de 18 a\u00f1os que mat\u00f3 a un hombre de 57 que se masturbaba frente a dos menores que dorm\u00edan en una casa fue detenido y la Fiscal\u00eda lo acus\u00f3 de un delito de homicidio en calidad de autor inimputable, intern\u00e1ndolo en un centro de salud mental.<\/p>\n\n\n\n<p>El homicidio ocurri\u00f3 el 22 de marzo. La Polic\u00eda fue alertada de lo sucedido en una casa ubicada en Madrid y Colonia, en la zona de El Pinar, departamento de Canelones.<\/p>\n\n\n\n<p>Seg\u00fan inform\u00f3 la Jefatura de Polic\u00eda, el joven de 18 a\u00f1os vio al hombre de 57 masturbarse frente a dos menores que dorm\u00edan en el inmueble.<\/p>\n\n\n\n<p>Tras un forcejeo ambos salieron de la vivienda, donde continu\u00f3 la pelea y el joven hiri\u00f3 de gravedad al hombre. Personal policial traslad\u00f3 al herido a un centro de salud, d\u00f3nde muri\u00f3 a poco de haber ingresado.<\/p>\n\n\n\n<p>El joven fue detenido y se le tipific\u00f3 \u201cla comisi\u00f3n de un delito de homicidio en calidad de autor inimputable\u201d, dice el informe policial al que accedi\u00f3 <em>Subrayado<\/em>. Como medida cautelar fue internado en un establecimiento m\u00e9dico especializado por un plazo de 180 d\u00edas mientras sigue la investigaci\u00f3n.<\/p>\n\n\n\n<p><em>*Subrayado<\/em><\/p>\n","protected":false},"excerpt":{"rendered":"<p>El joven de 18 a\u00f1os fue detenido y la Fiscal\u00eda le tipific\u00f3 un delito de \u201chomicidio en calidad de autor inimputable\u201d. Fue internado en un<\/p>\n","protected":false},"author":1,"featured_media":9587,"comment_status":"closed","ping_status":"open","sticky":false,"template":"","format":"standard","meta":{"advgb_blocks_editor_width":"","advgb_blocks_columns_visual_guide":"","footnotes":"","jetpack_publicize_message":"El joven de 18 a\u00f1os fue detenido y la Fiscal\u00eda le tipific\u00f3 un delito de \u201chomicidio en calidad de autor inimputable\u201d. Fue internado en un centro de salud...Lee la nota completa\ud83d\udc47","jetpack_publicize_feature_enabled":true,"jetpack_social_post_already_shared":false,"jetpack_social_options":{"image_generator_settings":{"template":"highway","default_image_id":0,"font":"","enabled":false},"version":2}},"categories":[7],"tags":[],"class_list":["post-9586","post","type-post","status-publish","format-standard","has-post-thumbnail","hentry","category-del-pais"],"author_meta":{"display_name":"Portal","author_link":"https:\/\/portaldeyoung.uy\/index.php\/author\/admin_port\/"},"featured_img":"https:\/\/portaldeyoung.uy\/wp-content\/uploads\/2026\/03\/policia-77-300x196.png","jetpack_publicize_connections":[],"coauthors":[],"tax_additional":{"categories":{"linked":["<a href=\"https:\/\/portaldeyoung.uy\/index.php\/category\/del-pais\/\" class=\"advgb-post-tax-term\">Del pa\u00eds<\/a>"],"unlinked":["<span class=\"advgb-post-tax-term\">Del pa\u00eds<\/span>"]}},"comment_count":"0","relative_dates":{"created":"Publicado 1 mes hace","modified":"Actualizado 1 mes hace"},"absolute_dates":{"created":"Publicado el marzo 30, 2026","modified":"Actualizado el marzo 30, 2026"},"absolute_dates_time":{"created":"Publicado el marzo 30, 2026 7:49 am","modified":"Actualizado el marzo 30, 2026 7:49 am"},"featured_img_caption":"","series_order":"","_links":{"self":[{"href":"https:\/\/portaldeyoung.uy\/index.php\/wp-json\/wp\/v2\/posts\/9586","targetHints":{"allow":["GET"]}}],"collection":[{"href":"https:\/\/portaldeyoung.uy\/index.php\/wp-json\/wp\/v2\/posts"}],"about":[{"href":"https:\/\/portaldeyoung.uy\/index.php\/wp-json\/wp\/v2\/types\/post"}],"author":[{"embeddable":true,"href":"https:\/\/portaldeyoung.uy\/index.php\/wp-json\/wp\/v2\/users\/1"}],"replies":[{"embeddable":true,"href":"https:\/\/portaldeyoung.uy\/index.php\/wp-json\/wp\/v2\/comments?post=9586"}],"version-history":[{"count":1,"href":"https:\/\/portaldeyoung.uy\/index.php\/wp-json\/wp\/v2\/posts\/9586\/revisions"}],"predecessor-version":[{"id":9588,"href":"https:\/\/portaldeyoung.uy\/index.php\/wp-json\/wp\/v2\/posts\/9586\/revisions\/9588"}],"wp:featuredmedia":[{"embeddable":true,"href":"https:\/\/portaldeyoung.uy\/index.php\/wp-json\/wp\/v2\/media\/9587"}],"wp:attachment":[{"href":"https:\/\/portaldeyoung.uy\/index.php\/wp-json\/wp\/v2\/media?parent=9586"}],"wp:term":[{"taxonomy":"category","embeddable":true,"href":"https:\/\/portaldeyoung.uy\/index.php\/wp-json\/wp\/v2\/categories?post=9586"},{"taxonomy":"post_tag","embeddable":true,"href":"https:\/\/portaldeyoung.uy\/index.php\/wp-json\/wp\/v2\/tags?post=9586"}],"curies":[{"name":"wp","href":"https:\/\/api.w.org\/{rel}","templated":true}]}}