{"id":9541,"date":"2026-03-27T07:45:40","date_gmt":"2026-03-27T10:45:40","guid":{"rendered":"https:\/\/portaldeyoung.uy\/?p=9541"},"modified":"2026-03-31T06:39:51","modified_gmt":"2026-03-31T09:39:51","slug":"fundacion-perez-scremini-presento-su-agenda-anual-de-actividades-al-intendente-de-rio-negro","status":"publish","type":"post","link":"https:\/\/portaldeyoung.uy\/index.php\/2026\/03\/27\/fundacion-perez-scremini-presento-su-agenda-anual-de-actividades-al-intendente-de-rio-negro\/","title":{"rendered":"Fundaci\u00f3n P\u00e9rez Scremini present\u00f3 su agenda anual de actividades al Intendente de R\u00edo Negro"},"content":{"rendered":"\n<p><strong>La referente de la Fundaci\u00f3n P\u00e9rez Scremini en R\u00edo Negro, Andrea Bertullo, mantuvo una reuni\u00f3n con el Intendente, Arq. Guillermo Levratto, instancia en la que se present\u00f3 la agenda anual de actividades que la instituci\u00f3n desarrollar\u00e1 durante el presente a\u00f1o, as\u00ed como las acciones de acompa\u00f1amiento que brinda a ni\u00f1as, ni\u00f1os y familias del departamento.<\/strong><\/p>\n\n\n\n<p>Durante el encuentro, la fundaci\u00f3n inform\u00f3 sobre las principales actividades solidarias previstas, entre ellas la tradicional Hamburguesa Solidaria, que se realizar\u00e1 por quinto a\u00f1o consecutivo. La actividad est\u00e1 prevista para el 8 de mayo en la ciudad de Young en horario nocturno, mientras que por primera vez se llevar\u00e1 a cabo tambi\u00e9n en Fray Bentos el 9 de mayo, en horario del mediod\u00eda.<\/p>\n\n\n\n<p>Se anunci\u00f3 adem\u00e1s la realizaci\u00f3n de la rifa anual, que se desarrollar\u00e1 durante los meses de invierno tanto en Young como en Fray Bentos, y la organizaci\u00f3n de la segunda edici\u00f3n de la carrera \u201cPor los Valientes\u201d, prevista para el mes de septiembre.<\/p>\n\n\n\n<p>Desde la fundaci\u00f3n se destac\u00f3 que estas actividades tienen como objetivo recaudar fondos para sostener el trabajo que se realiza durante todo el a\u00f1o, brindando acompa\u00f1amiento permanente a las familias y a los ni\u00f1os y ni\u00f1as en tratamiento.<\/p>\n\n\n\n<p>La fundaci\u00f3n valor\u00f3 positivamente el v\u00ednculo con el gobierno departamental y el gobierno municipal, destacando la comunicaci\u00f3n fluida y el trabajo coordinado que permite dar respuesta a las necesidades que surgen en el territorio.<\/p>\n\n\n\n<p><em>*IRN<\/em><\/p>\n","protected":false},"excerpt":{"rendered":"<p>La referente de la Fundaci\u00f3n P\u00e9rez Scremini en R\u00edo Negro, Andrea Bertullo, mantuvo una reuni\u00f3n con el Intendente, Arq. Guillermo Levratto, instancia en la que<\/p>\n","protected":false},"author":1,"featured_media":9542,"comment_status":"closed","ping_status":"open","sticky":false,"template":"","format":"standard","meta":{"advgb_blocks_editor_width":"","advgb_blocks_columns_visual_guide":"","footnotes":"","jetpack_publicize_message":"La referente de la Fundaci\u00f3n P\u00e9rez Scremini en R\u00edo Negro, Andrea Bertullo, mantuvo una reuni\u00f3n con el Intendente, Arq. Guillermo Levratto, instancia en la que se ...Lee la nota completa\ud83d\udc47","jetpack_publicize_feature_enabled":true,"jetpack_social_post_already_shared":false,"jetpack_social_options":{"image_generator_settings":{"template":"highway","default_image_id":0,"font":"","enabled":false},"version":2}},"categories":[28],"tags":[],"class_list":["post-9541","post","type-post","status-publish","format-standard","has-post-thumbnail","hentry","category-de-la-ciudad"],"author_meta":{"display_name":"Portal","author_link":"https:\/\/portaldeyoung.uy\/index.php\/author\/admin_port\/"},"featured_img":"https:\/\/portaldeyoung.uy\/wp-content\/uploads\/2026\/03\/Perez-Scremini-reunion-300x148.jpeg","jetpack_publicize_connections":[],"coauthors":[],"tax_additional":{"categories":{"linked":["<a href=\"https:\/\/portaldeyoung.uy\/index.php\/category\/de-la-ciudad\/\" class=\"advgb-post-tax-term\">De la ciudad<\/a>"],"unlinked":["<span class=\"advgb-post-tax-term\">De la ciudad<\/span>"]}},"comment_count":"0","relative_dates":{"created":"Publicado 1 mes hace","modified":"Actualizado 1 mes hace"},"absolute_dates":{"created":"Publicado el marzo 27, 2026","modified":"Actualizado el marzo 31, 2026"},"absolute_dates_time":{"created":"Publicado el marzo 27, 2026 7:45 am","modified":"Actualizado el marzo 31, 2026 6:39 am"},"featured_img_caption":"","series_order":"","_links":{"self":[{"href":"https:\/\/portaldeyoung.uy\/index.php\/wp-json\/wp\/v2\/posts\/9541","targetHints":{"allow":["GET"]}}],"collection":[{"href":"https:\/\/portaldeyoung.uy\/index.php\/wp-json\/wp\/v2\/posts"}],"about":[{"href":"https:\/\/portaldeyoung.uy\/index.php\/wp-json\/wp\/v2\/types\/post"}],"author":[{"embeddable":true,"href":"https:\/\/portaldeyoung.uy\/index.php\/wp-json\/wp\/v2\/users\/1"}],"replies":[{"embeddable":true,"href":"https:\/\/portaldeyoung.uy\/index.php\/wp-json\/wp\/v2\/comments?post=9541"}],"version-history":[{"count":1,"href":"https:\/\/portaldeyoung.uy\/index.php\/wp-json\/wp\/v2\/posts\/9541\/revisions"}],"predecessor-version":[{"id":9543,"href":"https:\/\/portaldeyoung.uy\/index.php\/wp-json\/wp\/v2\/posts\/9541\/revisions\/9543"}],"wp:featuredmedia":[{"embeddable":true,"href":"https:\/\/portaldeyoung.uy\/index.php\/wp-json\/wp\/v2\/media\/9542"}],"wp:attachment":[{"href":"https:\/\/portaldeyoung.uy\/index.php\/wp-json\/wp\/v2\/media?parent=9541"}],"wp:term":[{"taxonomy":"category","embeddable":true,"href":"https:\/\/portaldeyoung.uy\/index.php\/wp-json\/wp\/v2\/categories?post=9541"},{"taxonomy":"post_tag","embeddable":true,"href":"https:\/\/portaldeyoung.uy\/index.php\/wp-json\/wp\/v2\/tags?post=9541"}],"curies":[{"name":"wp","href":"https:\/\/api.w.org\/{rel}","templated":true}]}}