{"id":9530,"date":"2026-03-27T07:17:46","date_gmt":"2026-03-27T10:17:46","guid":{"rendered":"https:\/\/portaldeyoung.uy\/?p=9530"},"modified":"2026-03-31T06:14:55","modified_gmt":"2026-03-31T09:14:55","slug":"jefatura-de-policia-de-rio-negro-realizo-acto-de-imposicion-de-cargos-tras-reestructura-institucional","status":"publish","type":"post","link":"https:\/\/portaldeyoung.uy\/index.php\/2026\/03\/27\/jefatura-de-policia-de-rio-negro-realizo-acto-de-imposicion-de-cargos-tras-reestructura-institucional\/","title":{"rendered":"Jefatura de Polic\u00eda de R\u00edo Negro realiz\u00f3 acto de imposici\u00f3n de cargos tras reestructura institucional"},"content":{"rendered":"\n<p>En la jornada de ayer se llev\u00f3 a cabo el acto protocolar de imposici\u00f3n de cargos en la Jefatura de Polic\u00eda de R\u00edo Negro, en el marco de un proceso de reestructura institucional impulsado tras la concreci\u00f3n de retiros voluntarios de funcionarios policiales.<\/p>\n\n\n\n<p>Dicha instancia se produce luego de los retiros del Comisario Rub\u00e9n Alzamend\u00eda y la Comisaria Vivian Rosales, lo que motiv\u00f3 la designaci\u00f3n de nuevas autoridades para cubrir vacantes en distintas dependencias del departamento.<\/p>\n\n\n\n<p>Desde el Comando de la Jefatura se destac\u00f3 que los funcionarios designados asumir\u00e1n sus responsabilidades con el compromiso, la responsabilidad y la vocaci\u00f3n de servicio que caracterizan a la instituci\u00f3n policial.<\/p>\n\n\n\n<p>En este contexto, se dispusieron las siguientes designaciones:<\/p>\n\n\n\n<ul class=\"wp-block-list\">\n<li>Subcomisario Lucas Garc\u00eda Melo como Encargado de la Direcci\u00f3n Departamental de Violencia Dom\u00e9stica y G\u00e9nero.<\/li>\n\n\n\n<li>Comisario Diego Artigas Arias Fripp como Jefe Operacional de Zona I.<\/li>\n\n\n\n<li>Subcomisario C\u00e1ndido Andr\u00e9s Varela Mu\u00f1iz como Jefe Operacional de Zona III.<\/li>\n\n\n\n<li>Oficial Principal Claudia Lorena G\u00f3mez Ram\u00edrez como Encargada de la Seccional Cuarta.<\/li>\n\n\n\n<li>Oficial Ayudante Milena Nicole Rial Rodr\u00edguez como Encargada de la Comisar\u00eda Especializada en Violencia Dom\u00e9stica y G\u00e9nero de Zona I.<\/li>\n<\/ul>\n\n\n\n<p>Las autoridades policiales reafirmaron que estas designaciones apuntan a fortalecer la gesti\u00f3n operativa y continuar mejorando el servicio de seguridad p\u00fablica en todo el departamento de R\u00edo Negro.<\/p>\n","protected":false},"excerpt":{"rendered":"<p>En la jornada de ayer se llev\u00f3 a cabo el acto protocolar de imposici\u00f3n de cargos en la Jefatura de Polic\u00eda de R\u00edo Negro, en<\/p>\n","protected":false},"author":1,"featured_media":9531,"comment_status":"closed","ping_status":"open","sticky":false,"template":"","format":"standard","meta":{"advgb_blocks_editor_width":"","advgb_blocks_columns_visual_guide":"","footnotes":"","jetpack_publicize_message":"En la jornada de ayer se llev\u00f3 a cabo el acto protocolar de imposici\u00f3n de cargos en la Jefatura de Polic\u00eda de R\u00edo Negro, en el marco de ...Lee la nota completa\ud83d\udc47","jetpack_publicize_feature_enabled":true,"jetpack_social_post_already_shared":false,"jetpack_social_options":{"image_generator_settings":{"template":"highway","default_image_id":0,"font":"","enabled":false},"version":2}},"categories":[29],"tags":[],"class_list":["post-9530","post","type-post","status-publish","format-standard","has-post-thumbnail","hentry","category-del-territorio"],"author_meta":{"display_name":"Portal","author_link":"https:\/\/portaldeyoung.uy\/index.php\/author\/admin_port\/"},"featured_img":"https:\/\/portaldeyoung.uy\/wp-content\/uploads\/2026\/03\/imposicion-de-cargos-jefatura-300x200.jpg","jetpack_publicize_connections":[],"coauthors":[],"tax_additional":{"categories":{"linked":["<a href=\"https:\/\/portaldeyoung.uy\/index.php\/category\/del-territorio\/\" class=\"advgb-post-tax-term\">Del territorio<\/a>"],"unlinked":["<span class=\"advgb-post-tax-term\">Del territorio<\/span>"]}},"comment_count":"0","relative_dates":{"created":"Publicado 1 mes hace","modified":"Actualizado 1 mes hace"},"absolute_dates":{"created":"Publicado el marzo 27, 2026","modified":"Actualizado el marzo 31, 2026"},"absolute_dates_time":{"created":"Publicado el marzo 27, 2026 7:17 am","modified":"Actualizado el marzo 31, 2026 6:14 am"},"featured_img_caption":"","series_order":"","_links":{"self":[{"href":"https:\/\/portaldeyoung.uy\/index.php\/wp-json\/wp\/v2\/posts\/9530","targetHints":{"allow":["GET"]}}],"collection":[{"href":"https:\/\/portaldeyoung.uy\/index.php\/wp-json\/wp\/v2\/posts"}],"about":[{"href":"https:\/\/portaldeyoung.uy\/index.php\/wp-json\/wp\/v2\/types\/post"}],"author":[{"embeddable":true,"href":"https:\/\/portaldeyoung.uy\/index.php\/wp-json\/wp\/v2\/users\/1"}],"replies":[{"embeddable":true,"href":"https:\/\/portaldeyoung.uy\/index.php\/wp-json\/wp\/v2\/comments?post=9530"}],"version-history":[{"count":1,"href":"https:\/\/portaldeyoung.uy\/index.php\/wp-json\/wp\/v2\/posts\/9530\/revisions"}],"predecessor-version":[{"id":9532,"href":"https:\/\/portaldeyoung.uy\/index.php\/wp-json\/wp\/v2\/posts\/9530\/revisions\/9532"}],"wp:featuredmedia":[{"embeddable":true,"href":"https:\/\/portaldeyoung.uy\/index.php\/wp-json\/wp\/v2\/media\/9531"}],"wp:attachment":[{"href":"https:\/\/portaldeyoung.uy\/index.php\/wp-json\/wp\/v2\/media?parent=9530"}],"wp:term":[{"taxonomy":"category","embeddable":true,"href":"https:\/\/portaldeyoung.uy\/index.php\/wp-json\/wp\/v2\/categories?post=9530"},{"taxonomy":"post_tag","embeddable":true,"href":"https:\/\/portaldeyoung.uy\/index.php\/wp-json\/wp\/v2\/tags?post=9530"}],"curies":[{"name":"wp","href":"https:\/\/api.w.org\/{rel}","templated":true}]}}