{"id":9520,"date":"2026-03-27T06:53:35","date_gmt":"2026-03-27T09:53:35","guid":{"rendered":"https:\/\/portaldeyoung.uy\/?p=9520"},"modified":"2026-03-27T06:53:37","modified_gmt":"2026-03-27T09:53:37","slug":"toma-de-rehenes-en-inisa-8-menores-accedieron-a-llave-3-escaparon-pero-fueron-recapturados","status":"publish","type":"post","link":"https:\/\/portaldeyoung.uy\/index.php\/2026\/03\/27\/toma-de-rehenes-en-inisa-8-menores-accedieron-a-llave-3-escaparon-pero-fueron-recapturados\/","title":{"rendered":"Toma de rehenes en Inisa: 8 menores accedieron a llave, 3 escaparon pero fueron recapturados"},"content":{"rendered":"\n<p>Un grupo de negociadores de la Digoe ingres\u00f3 al Hogar Cufr\u00e9 para que los menores infractores desistan en su accionar y se entreguen.<\/p>\n\n\n\n<p>Una <strong>toma de rehenes<\/strong> tuvo lugar en la noche de este jueves en un centro del <strong>Inisa<\/strong> ubicado en bulevar Artigas y Cufr\u00e9.<\/p>\n\n\n\n<p>La Polic\u00eda recibi\u00f3 un llamado por un mot\u00edn, seg\u00fan la informaci\u00f3n primaria. Ocho internos se hicieron de la llave de una celda y lograron salir a los techos. Cuatro de ellos escaparon, pero fueron recapturados.<\/p>\n\n\n\n<p>Un helic\u00f3ptero del Ministerio del Interior colabor\u00f3 en las tareas sobrevolando la zona.<\/p>\n\n\n\n<p>En el lugar se hizo presente personal de la Digoe, de la Guardia Republicana y el presidente del sindicato del Inau, Joselo L\u00f3pez.<\/p>\n","protected":false},"excerpt":{"rendered":"<p>Un grupo de negociadores de la Digoe ingres\u00f3 al Hogar Cufr\u00e9 para que los menores infractores desistan en su accionar y se entreguen. Una toma<\/p>\n","protected":false},"author":1,"featured_media":9521,"comment_status":"closed","ping_status":"open","sticky":false,"template":"","format":"standard","meta":{"advgb_blocks_editor_width":"","advgb_blocks_columns_visual_guide":"","footnotes":"","jetpack_publicize_message":"Un grupo de negociadores de la Digoe ingres\u00f3 al Hogar Cufr\u00e9 para que los menores infractores desistan en su accionar y se entreguen ...Lee la nota completa\ud83d\udc47","jetpack_publicize_feature_enabled":true,"jetpack_social_post_already_shared":false,"jetpack_social_options":{"image_generator_settings":{"template":"highway","default_image_id":0,"font":"","enabled":false},"version":2}},"categories":[7],"tags":[],"class_list":["post-9520","post","type-post","status-publish","format-standard","has-post-thumbnail","hentry","category-del-pais"],"author_meta":{"display_name":"Portal","author_link":"https:\/\/portaldeyoung.uy\/index.php\/author\/admin_port\/"},"featured_img":"https:\/\/portaldeyoung.uy\/wp-content\/uploads\/2026\/03\/republicana-300x195.png","jetpack_publicize_connections":[],"coauthors":[],"tax_additional":{"categories":{"linked":["<a href=\"https:\/\/portaldeyoung.uy\/index.php\/category\/del-pais\/\" class=\"advgb-post-tax-term\">Del pa\u00eds<\/a>"],"unlinked":["<span class=\"advgb-post-tax-term\">Del pa\u00eds<\/span>"]}},"comment_count":"0","relative_dates":{"created":"Publicado 1 mes hace","modified":"Actualizado 1 mes hace"},"absolute_dates":{"created":"Publicado el marzo 27, 2026","modified":"Actualizado el marzo 27, 2026"},"absolute_dates_time":{"created":"Publicado el marzo 27, 2026 6:53 am","modified":"Actualizado el marzo 27, 2026 6:53 am"},"featured_img_caption":"","series_order":"","_links":{"self":[{"href":"https:\/\/portaldeyoung.uy\/index.php\/wp-json\/wp\/v2\/posts\/9520","targetHints":{"allow":["GET"]}}],"collection":[{"href":"https:\/\/portaldeyoung.uy\/index.php\/wp-json\/wp\/v2\/posts"}],"about":[{"href":"https:\/\/portaldeyoung.uy\/index.php\/wp-json\/wp\/v2\/types\/post"}],"author":[{"embeddable":true,"href":"https:\/\/portaldeyoung.uy\/index.php\/wp-json\/wp\/v2\/users\/1"}],"replies":[{"embeddable":true,"href":"https:\/\/portaldeyoung.uy\/index.php\/wp-json\/wp\/v2\/comments?post=9520"}],"version-history":[{"count":1,"href":"https:\/\/portaldeyoung.uy\/index.php\/wp-json\/wp\/v2\/posts\/9520\/revisions"}],"predecessor-version":[{"id":9522,"href":"https:\/\/portaldeyoung.uy\/index.php\/wp-json\/wp\/v2\/posts\/9520\/revisions\/9522"}],"wp:featuredmedia":[{"embeddable":true,"href":"https:\/\/portaldeyoung.uy\/index.php\/wp-json\/wp\/v2\/media\/9521"}],"wp:attachment":[{"href":"https:\/\/portaldeyoung.uy\/index.php\/wp-json\/wp\/v2\/media?parent=9520"}],"wp:term":[{"taxonomy":"category","embeddable":true,"href":"https:\/\/portaldeyoung.uy\/index.php\/wp-json\/wp\/v2\/categories?post=9520"},{"taxonomy":"post_tag","embeddable":true,"href":"https:\/\/portaldeyoung.uy\/index.php\/wp-json\/wp\/v2\/tags?post=9520"}],"curies":[{"name":"wp","href":"https:\/\/api.w.org\/{rel}","templated":true}]}}