{"id":9507,"date":"2026-03-26T15:30:40","date_gmt":"2026-03-26T18:30:40","guid":{"rendered":"https:\/\/portaldeyoung.uy\/?p=9507"},"modified":"2026-03-30T11:00:39","modified_gmt":"2026-03-30T14:00:39","slug":"young-queda-fuera-del-descuento-del-imesi-desde-el-1o-de-mayo-y-debera-esperar-nueva-franja","status":"publish","type":"post","link":"https:\/\/portaldeyoung.uy\/index.php\/2026\/03\/26\/young-queda-fuera-del-descuento-del-imesi-desde-el-1o-de-mayo-y-debera-esperar-nueva-franja\/","title":{"rendered":"Young queda fuera del descuento del IMESI desde el 1\u00ba de mayo y deber\u00e1 esperar nueva franja"},"content":{"rendered":"\n<p>Finalmente, la ciudad de Young no quedar\u00e1 incluida en el r\u00e9gimen de descuentos del IMESI sobre combustibles que comenzar\u00e1 a regir a partir del pr\u00f3ximo 1\u00ba de mayo, tal como se hab\u00eda manejado inicialmente.<\/p>\n\n\n\n<p>La exclusi\u00f3n se debe a que la localidad supera los 60 kil\u00f3metros de distancia respecto al punto fronterizo, condici\u00f3n que determina el acceso al beneficio seg\u00fan los par\u00e1metros definidos por el gobierno nacional. Esta situaci\u00f3n gener\u00f3 confusi\u00f3n en los \u00faltimos d\u00edas entre la poblaci\u00f3n y actores locales.<\/p>\n\n\n\n<p>Consultada sobre el tema, la legisladora del departamento, Sylvia Ibarguren, aclar\u00f3 que Young no ingresa en esta etapa precisamente por exceder el l\u00edmite establecido. No obstante, adelant\u00f3 que el Poder Ejecutivo prev\u00e9 habilitar una tercera franja en los pr\u00f3ximos meses, lo que permitir\u00e1 incluir a la ciudad dentro del sistema de descuentos.<\/p>\n\n\n\n<p>\u201cVa a haber un descuento para Young\u201d, asegur\u00f3 Ibarguren, aunque precis\u00f3 que no ser\u00e1 equivalente al de las franjas ya definidas. En ese sentido, explic\u00f3 que actualmente el beneficio contempla un 32 % de descuento para estaciones ubicadas hasta 20 kil\u00f3metros de la frontera, y un 16 % para aquellas situadas entre 20 y 60 kil\u00f3metros.<\/p>\n\n\n\n<p>Entre los anuncios principales realizados por las autoridades del Ministerio de Econom\u00eda y Finanzas (MEF), se destaca precisamente la extensi\u00f3n del beneficio del IMESI: desde el 1\u00ba de mayo, las estaciones comprendidas entre los 20 y 60 kil\u00f3metros de la frontera acceder\u00e1n al 50 % del descuento vigente en la primera franja.<\/p>\n\n\n\n<p>Asimismo, los jerarcas del MEF informaron que tambi\u00e9n habr\u00e1 modificaciones en medidas ya existentes. En particular, se ampliar\u00e1n las condiciones del r\u00e9gimen simplificado de importaci\u00f3n, incrementando tanto el tama\u00f1o de los comercios habilitados como los montos m\u00e1ximos de compra. Adem\u00e1s, se trabajar\u00e1 en la extensi\u00f3n de la lista de productos incluidos en la canasta autorizada.<\/p>\n\n\n\n<p>Para que Young acceda al beneficio, ser\u00e1 necesario que el Poder Ejecutivo env\u00ede al Parlamento el proyecto de ley que contemple la creaci\u00f3n de una nueva franja de kil\u00f3metros. Una vez aprobado, se definir\u00e1 el porcentaje de descuento correspondiente, que ser\u00e1 distinto a los actualmente vigentes.<\/p>\n\n\n\n<p>De este modo, la ciudad deber\u00e1 aguardar el avance legislativo para concretar su inclusi\u00f3n en el r\u00e9gimen.<\/p>\n","protected":false},"excerpt":{"rendered":"<p>Finalmente, la ciudad de Young no quedar\u00e1 incluida en el r\u00e9gimen de descuentos del IMESI sobre combustibles que comenzar\u00e1 a regir a partir del pr\u00f3ximo<\/p>\n","protected":false},"author":1,"featured_media":4446,"comment_status":"closed","ping_status":"open","sticky":false,"template":"","format":"standard","meta":{"advgb_blocks_editor_width":"","advgb_blocks_columns_visual_guide":"","footnotes":"","jetpack_publicize_message":"Finalmente, la ciudad de Young no quedar\u00e1 incluida en el r\u00e9gimen de descuentos del IMESI sobre combustibles que comenzar\u00e1 a regir a partir del ...Lee la nota completa \ud83d\udc47","jetpack_publicize_feature_enabled":true,"jetpack_social_post_already_shared":false,"jetpack_social_options":{"image_generator_settings":{"template":"highway","default_image_id":0,"font":"","enabled":false},"version":2}},"categories":[28],"tags":[],"class_list":["post-9507","post","type-post","status-publish","format-standard","has-post-thumbnail","hentry","category-de-la-ciudad"],"author_meta":{"display_name":"Portal","author_link":"https:\/\/portaldeyoung.uy\/index.php\/author\/admin_port\/"},"featured_img":"https:\/\/portaldeyoung.uy\/wp-content\/uploads\/2025\/10\/Young-aereo-00-300x235.jpg","jetpack_publicize_connections":[],"coauthors":[],"tax_additional":{"categories":{"linked":["<a href=\"https:\/\/portaldeyoung.uy\/index.php\/category\/de-la-ciudad\/\" class=\"advgb-post-tax-term\">De la ciudad<\/a>"],"unlinked":["<span class=\"advgb-post-tax-term\">De la ciudad<\/span>"]}},"comment_count":"0","relative_dates":{"created":"Publicado 1 mes hace","modified":"Actualizado 1 mes hace"},"absolute_dates":{"created":"Publicado el marzo 26, 2026","modified":"Actualizado el marzo 30, 2026"},"absolute_dates_time":{"created":"Publicado el marzo 26, 2026 3:30 pm","modified":"Actualizado el marzo 30, 2026 11:00 am"},"featured_img_caption":"","series_order":"","_links":{"self":[{"href":"https:\/\/portaldeyoung.uy\/index.php\/wp-json\/wp\/v2\/posts\/9507","targetHints":{"allow":["GET"]}}],"collection":[{"href":"https:\/\/portaldeyoung.uy\/index.php\/wp-json\/wp\/v2\/posts"}],"about":[{"href":"https:\/\/portaldeyoung.uy\/index.php\/wp-json\/wp\/v2\/types\/post"}],"author":[{"embeddable":true,"href":"https:\/\/portaldeyoung.uy\/index.php\/wp-json\/wp\/v2\/users\/1"}],"replies":[{"embeddable":true,"href":"https:\/\/portaldeyoung.uy\/index.php\/wp-json\/wp\/v2\/comments?post=9507"}],"version-history":[{"count":2,"href":"https:\/\/portaldeyoung.uy\/index.php\/wp-json\/wp\/v2\/posts\/9507\/revisions"}],"predecessor-version":[{"id":9509,"href":"https:\/\/portaldeyoung.uy\/index.php\/wp-json\/wp\/v2\/posts\/9507\/revisions\/9509"}],"wp:featuredmedia":[{"embeddable":true,"href":"https:\/\/portaldeyoung.uy\/index.php\/wp-json\/wp\/v2\/media\/4446"}],"wp:attachment":[{"href":"https:\/\/portaldeyoung.uy\/index.php\/wp-json\/wp\/v2\/media?parent=9507"}],"wp:term":[{"taxonomy":"category","embeddable":true,"href":"https:\/\/portaldeyoung.uy\/index.php\/wp-json\/wp\/v2\/categories?post=9507"},{"taxonomy":"post_tag","embeddable":true,"href":"https:\/\/portaldeyoung.uy\/index.php\/wp-json\/wp\/v2\/tags?post=9507"}],"curies":[{"name":"wp","href":"https:\/\/api.w.org\/{rel}","templated":true}]}}