{"id":9505,"date":"2026-03-26T11:08:55","date_gmt":"2026-03-26T14:08:55","guid":{"rendered":"https:\/\/portaldeyoung.uy\/?p=9505"},"modified":"2026-03-30T11:00:47","modified_gmt":"2026-03-30T14:00:47","slug":"policiales-hurto-de-una-moto-y-persona-detenida","status":"publish","type":"post","link":"https:\/\/portaldeyoung.uy\/index.php\/2026\/03\/26\/policiales-hurto-de-una-moto-y-persona-detenida\/","title":{"rendered":"Policiales: hurto de una moto y persona detenida"},"content":{"rendered":"\n<p><strong>Denuncian hurto de moto en la ciudad<\/strong><\/p>\n\n\n\n<p>Un vecino radic\u00f3 denuncia ante la Polic\u00eda tras constatar el hurto de su motocicleta en la ciudad de Young.<\/p>\n\n\n\n<p>De acuerdo a la informaci\u00f3n aportada, el hecho ocurri\u00f3 en horas de la madrugada, cuando sobre las 00:40 dej\u00f3 el birrodado estacionado frente al port\u00f3n de su domicilio. Sin embargo, al levantarse en la ma\u00f1ana y dirigirse a retirarlo, constat\u00f3 que el mismo ya no se encontraba en el lugar.<\/p>\n\n\n\n<p>El veh\u00edculo fue avaluado en aproximadamente U$S 1.600 (mil seiscientos d\u00f3lares americanos). Personal policial trabaja en el caso, procurando dar con el paradero del rodado y su posible autor.<\/p>\n\n\n\n<p><\/p>\n\n\n\n<h2 class=\"wp-block-heading\">Persona detenida por denuncias de hurto<\/h2>\n\n\n\n<p>En el marco de diversas denuncias por hurtos registradas en la ciudad, personal del \u00e1rea de Investigaciones logr\u00f3 identificar al presunto autor de varios hechos.<\/p>\n\n\n\n<p>Tras las actuaciones correspondientes, la Justicia libr\u00f3 orden de detenci\u00f3n para un hombre de 29 a\u00f1os de edad, quien cuenta con antecedentes penales.<\/p>\n\n\n\n<p>El individuo fue detenido y puesto a disposici\u00f3n de la Fiscal\u00eda Letrada de Young, continu\u00e1ndose con las actuaciones del caso. Desde la Jefatura de Polic\u00eda se inform\u00f3 que la informaci\u00f3n ser\u00e1 ampliada en las pr\u00f3ximas horas.<\/p>\n","protected":false},"excerpt":{"rendered":"<p>Denuncian hurto de moto en la ciudad Un vecino radic\u00f3 denuncia ante la Polic\u00eda tras constatar el hurto de su motocicleta en la ciudad de<\/p>\n","protected":false},"author":1,"featured_media":2836,"comment_status":"closed","ping_status":"open","sticky":false,"template":"","format":"standard","meta":{"advgb_blocks_editor_width":"","advgb_blocks_columns_visual_guide":"","footnotes":"","jetpack_publicize_message":"Un vecino radic\u00f3 denuncia ante la Polic\u00eda tras constatar el hurto de su motocicleta en ...Lee la nota completa\ud83d\udc47","jetpack_publicize_feature_enabled":true,"jetpack_social_post_already_shared":false,"jetpack_social_options":{"image_generator_settings":{"template":"highway","default_image_id":0,"font":"","enabled":false},"version":2}},"categories":[28],"tags":[],"class_list":["post-9505","post","type-post","status-publish","format-standard","has-post-thumbnail","hentry","category-de-la-ciudad"],"author_meta":{"display_name":"Portal","author_link":"https:\/\/portaldeyoung.uy\/index.php\/author\/admin_port\/"},"featured_img":"https:\/\/portaldeyoung.uy\/wp-content\/uploads\/2025\/08\/Seccional-Sexta-Young-300x150.png","jetpack_publicize_connections":[],"coauthors":[],"tax_additional":{"categories":{"linked":["<a href=\"https:\/\/portaldeyoung.uy\/index.php\/category\/de-la-ciudad\/\" class=\"advgb-post-tax-term\">De la ciudad<\/a>"],"unlinked":["<span class=\"advgb-post-tax-term\">De la ciudad<\/span>"]}},"comment_count":"0","relative_dates":{"created":"Publicado 1 mes hace","modified":"Actualizado 1 mes hace"},"absolute_dates":{"created":"Publicado el marzo 26, 2026","modified":"Actualizado el marzo 30, 2026"},"absolute_dates_time":{"created":"Publicado el marzo 26, 2026 11:08 am","modified":"Actualizado el marzo 30, 2026 11:00 am"},"featured_img_caption":"","series_order":"","_links":{"self":[{"href":"https:\/\/portaldeyoung.uy\/index.php\/wp-json\/wp\/v2\/posts\/9505","targetHints":{"allow":["GET"]}}],"collection":[{"href":"https:\/\/portaldeyoung.uy\/index.php\/wp-json\/wp\/v2\/posts"}],"about":[{"href":"https:\/\/portaldeyoung.uy\/index.php\/wp-json\/wp\/v2\/types\/post"}],"author":[{"embeddable":true,"href":"https:\/\/portaldeyoung.uy\/index.php\/wp-json\/wp\/v2\/users\/1"}],"replies":[{"embeddable":true,"href":"https:\/\/portaldeyoung.uy\/index.php\/wp-json\/wp\/v2\/comments?post=9505"}],"version-history":[{"count":1,"href":"https:\/\/portaldeyoung.uy\/index.php\/wp-json\/wp\/v2\/posts\/9505\/revisions"}],"predecessor-version":[{"id":9506,"href":"https:\/\/portaldeyoung.uy\/index.php\/wp-json\/wp\/v2\/posts\/9505\/revisions\/9506"}],"wp:featuredmedia":[{"embeddable":true,"href":"https:\/\/portaldeyoung.uy\/index.php\/wp-json\/wp\/v2\/media\/2836"}],"wp:attachment":[{"href":"https:\/\/portaldeyoung.uy\/index.php\/wp-json\/wp\/v2\/media?parent=9505"}],"wp:term":[{"taxonomy":"category","embeddable":true,"href":"https:\/\/portaldeyoung.uy\/index.php\/wp-json\/wp\/v2\/categories?post=9505"},{"taxonomy":"post_tag","embeddable":true,"href":"https:\/\/portaldeyoung.uy\/index.php\/wp-json\/wp\/v2\/tags?post=9505"}],"curies":[{"name":"wp","href":"https:\/\/api.w.org\/{rel}","templated":true}]}}