{"id":9503,"date":"2026-03-26T11:01:52","date_gmt":"2026-03-26T14:01:52","guid":{"rendered":"https:\/\/portaldeyoung.uy\/?p=9503"},"modified":"2026-03-30T11:01:24","modified_gmt":"2026-03-30T14:01:24","slug":"fray-bentos-condenan-a-un-hombre-por-ultraje-publico-al-pudor-y-violacion-de-domicilio","status":"publish","type":"post","link":"https:\/\/portaldeyoung.uy\/index.php\/2026\/03\/26\/fray-bentos-condenan-a-un-hombre-por-ultraje-publico-al-pudor-y-violacion-de-domicilio\/","title":{"rendered":"Fray Bentos: condenan a un hombre por ultraje p\u00fablico al pudor y violaci\u00f3n de domicilio"},"content":{"rendered":"\n<p>La Justicia de Fray Bentos conden\u00f3 a un hombre mayor de edad, identificado por sus iniciales E.D.B., tras una denuncia presentada en febrero de este a\u00f1o por un caso de exhibicionismo y posterior ingreso indebido a una vivienda.<\/p>\n\n\n\n<p>De acuerdo a la informaci\u00f3n proporcionada, el individuo fue denunciado por circular desnudo en la v\u00eda p\u00fablica y por ingresar sin autorizaci\u00f3n al domicilio de una mujer, lo que motiv\u00f3 la intervenci\u00f3n policial y el inicio de las actuaciones judiciales correspondientes.<\/p>\n\n\n\n<p>Tras la audiencia realizada en el Juzgado Letrado de Fray Bentos, se dispuso la condena de E.D.B. como autor penalmente responsable de <strong>un delito de ultraje p\u00fablico al pudor y un delito de violaci\u00f3n de domicilio en reiteraci\u00f3n real<\/strong>.<\/p>\n\n\n\n<p>La pena impuesta es de <strong>cinco meses de prisi\u00f3n<\/strong>, que se cumplir\u00e1n bajo el r\u00e9gimen de <strong>libertad a prueba<\/strong>, lo que implica el cumplimiento de determinadas condiciones establecidas por la Justicia durante ese per\u00edodo.<\/p>\n\n\n\n<p>El caso gener\u00f3 preocupaci\u00f3n en los vecinos, especialmente por tratarse de hechos ocurridos en un entorno domiciliario, lo que refuerza la importancia de la denuncia oportuna ante situaciones que vulneren la seguridad y la intimidad de las personas.<\/p>\n\n\n\n<p><em>*Imagen meramente ilustrativa<\/em><\/p>\n","protected":false},"excerpt":{"rendered":"<p>La Justicia de Fray Bentos conden\u00f3 a un hombre mayor de edad, identificado por sus iniciales E.D.B., tras una denuncia presentada en febrero de este<\/p>\n","protected":false},"author":1,"featured_media":7941,"comment_status":"closed","ping_status":"open","sticky":false,"template":"","format":"standard","meta":{"advgb_blocks_editor_width":"","advgb_blocks_columns_visual_guide":"","footnotes":"","jetpack_publicize_message":"De acuerdo a la informaci\u00f3n proporcionada, el individuo fue denunciado por circular desnudo en la v\u00eda p\u00fablica y por ingresar sin ...Lee la nota completa\ud83d\udc47","jetpack_publicize_feature_enabled":true,"jetpack_social_post_already_shared":false,"jetpack_social_options":{"image_generator_settings":{"template":"highway","default_image_id":0,"font":"","enabled":false},"version":2}},"categories":[29],"tags":[],"class_list":["post-9503","post","type-post","status-publish","format-standard","has-post-thumbnail","hentry","category-del-territorio"],"author_meta":{"display_name":"Portal","author_link":"https:\/\/portaldeyoung.uy\/index.php\/author\/admin_port\/"},"featured_img":"https:\/\/portaldeyoung.uy\/wp-content\/uploads\/2026\/02\/policia-detenido-300x200.png","jetpack_publicize_connections":[],"coauthors":[],"tax_additional":{"categories":{"linked":["<a href=\"https:\/\/portaldeyoung.uy\/index.php\/category\/del-territorio\/\" class=\"advgb-post-tax-term\">Del territorio<\/a>"],"unlinked":["<span class=\"advgb-post-tax-term\">Del territorio<\/span>"]}},"comment_count":"0","relative_dates":{"created":"Publicado 1 mes hace","modified":"Actualizado 1 mes hace"},"absolute_dates":{"created":"Publicado el marzo 26, 2026","modified":"Actualizado el marzo 30, 2026"},"absolute_dates_time":{"created":"Publicado el marzo 26, 2026 11:01 am","modified":"Actualizado el marzo 30, 2026 11:01 am"},"featured_img_caption":"","series_order":"","_links":{"self":[{"href":"https:\/\/portaldeyoung.uy\/index.php\/wp-json\/wp\/v2\/posts\/9503","targetHints":{"allow":["GET"]}}],"collection":[{"href":"https:\/\/portaldeyoung.uy\/index.php\/wp-json\/wp\/v2\/posts"}],"about":[{"href":"https:\/\/portaldeyoung.uy\/index.php\/wp-json\/wp\/v2\/types\/post"}],"author":[{"embeddable":true,"href":"https:\/\/portaldeyoung.uy\/index.php\/wp-json\/wp\/v2\/users\/1"}],"replies":[{"embeddable":true,"href":"https:\/\/portaldeyoung.uy\/index.php\/wp-json\/wp\/v2\/comments?post=9503"}],"version-history":[{"count":1,"href":"https:\/\/portaldeyoung.uy\/index.php\/wp-json\/wp\/v2\/posts\/9503\/revisions"}],"predecessor-version":[{"id":9504,"href":"https:\/\/portaldeyoung.uy\/index.php\/wp-json\/wp\/v2\/posts\/9503\/revisions\/9504"}],"wp:featuredmedia":[{"embeddable":true,"href":"https:\/\/portaldeyoung.uy\/index.php\/wp-json\/wp\/v2\/media\/7941"}],"wp:attachment":[{"href":"https:\/\/portaldeyoung.uy\/index.php\/wp-json\/wp\/v2\/media?parent=9503"}],"wp:term":[{"taxonomy":"category","embeddable":true,"href":"https:\/\/portaldeyoung.uy\/index.php\/wp-json\/wp\/v2\/categories?post=9503"},{"taxonomy":"post_tag","embeddable":true,"href":"https:\/\/portaldeyoung.uy\/index.php\/wp-json\/wp\/v2\/tags?post=9503"}],"curies":[{"name":"wp","href":"https:\/\/api.w.org\/{rel}","templated":true}]}}