{"id":9500,"date":"2026-03-26T09:36:36","date_gmt":"2026-03-26T12:36:36","guid":{"rendered":"https:\/\/portaldeyoung.uy\/?p=9500"},"modified":"2026-03-30T11:00:55","modified_gmt":"2026-03-30T14:00:55","slug":"intendencia-informo-avances-en-infraestructura-para-cooperativas-de-vivienda-en-young","status":"publish","type":"post","link":"https:\/\/portaldeyoung.uy\/index.php\/2026\/03\/26\/intendencia-informo-avances-en-infraestructura-para-cooperativas-de-vivienda-en-young\/","title":{"rendered":"Intendencia inform\u00f3 avances en infraestructura para cooperativas de vivienda en Young"},"content":{"rendered":"\n<p>El Intendente de R\u00edo Negro, Arq. Guillermo Levratto, junto a la alcaldesa de Young, Ana Cecilia Rodr\u00edguez, y el director de Vivienda de la Intendencia, Gabriel Ugarte, mantuvieron una reuni\u00f3n con representantes de cuatro cooperativas de vivienda de la ciudad, con el objetivo de informar sobre el avance de las obras de infraestructura en el fraccionamiento ubicado en la zona del Parque Mar\u00edn.<\/p>\n\n\n\n<p>Durante el encuentro, las autoridades comunicaron que en la segunda quincena de abril comenzar\u00e1n los trabajos de infraestructura, que incluyen la apertura de calles, instalaci\u00f3n de saneamiento y redes de agua potable, condiciones necesarias para que las cooperativas puedan iniciar la construcci\u00f3n de sus viviendas.<\/p>\n\n\n\n<p>Se inform\u00f3 tambi\u00e9n que los trabajos preparatorios ya se encuentran en marcha, habi\u00e9ndose realizado tareas de tala de \u00e1rboles, perfilado y trazado de calles en el predio.<\/p>\n\n\n\n<p>De acuerdo al cronograma previsto, se estima que la infraestructura b\u00e1sica podr\u00eda estar finalizada entre los meses de junio y agosto, lo que permitir\u00e1 que las cooperativas que cuenten con los requisitos correspondientes puedan comenzar posteriormente la construcci\u00f3n de sus complejos habitacionales.<\/p>\n\n\n\n<p>Tambi\u00e9n se plante\u00f3 la posibilidad de coordinar acciones conjuntas, habilitando la participaci\u00f3n de cooperativistas en tareas de apoyo log\u00edstico durante la ejecuci\u00f3n de las obras, con el objetivo de agilizar los procesos y fortalecer el trabajo comunitario.<\/p>\n\n\n\n<p>Las cooperativas valoraron positivamente la reuni\u00f3n y destacaron la importancia de contar con informaci\u00f3n directa sobre los avances, en el marco de un proyecto largamente esperado por numerosas familias de la ciudad de Young.<\/p>\n","protected":false},"excerpt":{"rendered":"<p>El Intendente de R\u00edo Negro, Arq. Guillermo Levratto, junto a la alcaldesa de Young, Ana Cecilia Rodr\u00edguez, y el director de Vivienda de la Intendencia,<\/p>\n","protected":false},"author":1,"featured_media":9501,"comment_status":"closed","ping_status":"open","sticky":false,"template":"","format":"standard","meta":{"advgb_blocks_editor_width":"","advgb_blocks_columns_visual_guide":"","footnotes":"","jetpack_publicize_message":"Durante el encuentro, las autoridades comunicaron que en la segunda quincena de abril comenzar\u00e1n los trabajos de infraestructura, que incluyen la apertura de calles, instalaci\u00f3n de ...Lee la nota completa\ud83d\udc47","jetpack_publicize_feature_enabled":true,"jetpack_social_post_already_shared":false,"jetpack_social_options":{"image_generator_settings":{"template":"highway","default_image_id":0,"font":"","enabled":false},"version":2}},"categories":[28],"tags":[],"class_list":["post-9500","post","type-post","status-publish","format-standard","has-post-thumbnail","hentry","category-de-la-ciudad"],"author_meta":{"display_name":"Portal","author_link":"https:\/\/portaldeyoung.uy\/index.php\/author\/admin_port\/"},"featured_img":"https:\/\/portaldeyoung.uy\/wp-content\/uploads\/2026\/03\/Levrato-viviendas-300x169.jpeg","jetpack_publicize_connections":[],"coauthors":[],"tax_additional":{"categories":{"linked":["<a href=\"https:\/\/portaldeyoung.uy\/index.php\/category\/de-la-ciudad\/\" class=\"advgb-post-tax-term\">De la ciudad<\/a>"],"unlinked":["<span class=\"advgb-post-tax-term\">De la ciudad<\/span>"]}},"comment_count":"0","relative_dates":{"created":"Publicado 1 mes hace","modified":"Actualizado 1 mes hace"},"absolute_dates":{"created":"Publicado el marzo 26, 2026","modified":"Actualizado el marzo 30, 2026"},"absolute_dates_time":{"created":"Publicado el marzo 26, 2026 9:36 am","modified":"Actualizado el marzo 30, 2026 11:00 am"},"featured_img_caption":"","series_order":"","_links":{"self":[{"href":"https:\/\/portaldeyoung.uy\/index.php\/wp-json\/wp\/v2\/posts\/9500","targetHints":{"allow":["GET"]}}],"collection":[{"href":"https:\/\/portaldeyoung.uy\/index.php\/wp-json\/wp\/v2\/posts"}],"about":[{"href":"https:\/\/portaldeyoung.uy\/index.php\/wp-json\/wp\/v2\/types\/post"}],"author":[{"embeddable":true,"href":"https:\/\/portaldeyoung.uy\/index.php\/wp-json\/wp\/v2\/users\/1"}],"replies":[{"embeddable":true,"href":"https:\/\/portaldeyoung.uy\/index.php\/wp-json\/wp\/v2\/comments?post=9500"}],"version-history":[{"count":1,"href":"https:\/\/portaldeyoung.uy\/index.php\/wp-json\/wp\/v2\/posts\/9500\/revisions"}],"predecessor-version":[{"id":9502,"href":"https:\/\/portaldeyoung.uy\/index.php\/wp-json\/wp\/v2\/posts\/9500\/revisions\/9502"}],"wp:featuredmedia":[{"embeddable":true,"href":"https:\/\/portaldeyoung.uy\/index.php\/wp-json\/wp\/v2\/media\/9501"}],"wp:attachment":[{"href":"https:\/\/portaldeyoung.uy\/index.php\/wp-json\/wp\/v2\/media?parent=9500"}],"wp:term":[{"taxonomy":"category","embeddable":true,"href":"https:\/\/portaldeyoung.uy\/index.php\/wp-json\/wp\/v2\/categories?post=9500"},{"taxonomy":"post_tag","embeddable":true,"href":"https:\/\/portaldeyoung.uy\/index.php\/wp-json\/wp\/v2\/tags?post=9500"}],"curies":[{"name":"wp","href":"https:\/\/api.w.org\/{rel}","templated":true}]}}