{"id":9488,"date":"2026-03-26T07:27:53","date_gmt":"2026-03-26T10:27:53","guid":{"rendered":"https:\/\/portaldeyoung.uy\/?p=9488"},"modified":"2026-03-26T07:28:25","modified_gmt":"2026-03-26T10:28:25","slug":"uruguay-en-londres-apunta-con-un-equipo-sin-sorpresas-juega-este-viernes-frente-a-inglaterra","status":"publish","type":"post","link":"https:\/\/portaldeyoung.uy\/index.php\/2026\/03\/26\/uruguay-en-londres-apunta-con-un-equipo-sin-sorpresas-juega-este-viernes-frente-a-inglaterra\/","title":{"rendered":"Uruguay en Londres apunta con un equipo sin sorpresas. Juega \u00e9ste viernes frente a Inglaterra"},"content":{"rendered":"\n<p>Con el plantel completo y el foco cada vez m\u00e1s puesto en Inglaterra, la selecci\u00f3n de Bielsa parecer\u00eda ser similar a la oncena regular.<\/p>\n\n\n\n<p>Uruguay se prepara en Londres. Y aunque la agenda marca dos partidos en esta fecha FIFA, el foco empieza a cerrarse como un lente que ajusta y enfoca en el viernes y en Wembley. No es un detalle menor: habr\u00e1 cerca de 90.000 personas y las entradas est\u00e1n agotadas. El escenario, por dimensi\u00f3n y clima, ya juega su propio partido.<\/p>\n\n\n\n<p>La selecci\u00f3n que dirige Marcelo Bielsa termin\u00f3 de completarse con la llegada de los futbolistas desde Estados Unidos y M\u00e9xico y trabaja en el Sobha Realty Training Centre, la ciudad deportiva del Arsenal, con base en Watford. All\u00ed, entre entrenamientos y primeros movimientos colectivos, el grupo empieza a tomar forma de equipo.<\/p>\n\n\n\n<p>El partido ante Inglaterra, el viernes 27 a las 16.45 de nuestros relojes, asoma como el gran punto de referencia de la semana. No solo por la jerarqu\u00eda del rival, uno de los candidatos naturales en Europa, sino tambi\u00e9n por el momento en el que llega Uruguay, en plena b\u00fasqueda de respuestas y con la necesidad de consolidar una idea tras la \u00faltima ventana internacional, que dej\u00f3 m\u00e1s dudas que certezas.<\/p>\n\n\n\n<p>Sin confirmaci\u00f3n oficial, pero con se\u00f1ales que empiezan a delinear un posible 11, Bielsa podr\u00eda inclinarse por un 4-3-3 con Sergio Rochet en el arco; Guillermo Varela, Ronald Ara\u00fajo, Math\u00edas Olivera y Joaqu\u00edn Piquerez en la defensa; Federico Valverde, Manuel Ugarte y Giorgian de Arrascaeta en el mediocampo; y un tridente ofensivo con Facundo Pellistri, Darwin N\u00fa\u00f1ez y Maximiliano Ara\u00fajo. M\u00e1s que una formaci\u00f3n cerrada, se trata de una estructura que intenta equilibrar intensidad, juego y profundidad. <\/p>\n\n\n\n<p>En ese camino, la palabra de Darwin N\u00fa\u00f1ez aporta una se\u00f1al clara del clima interno. El delantero, que habl\u00f3 con AUF TV en la previa, dijo sentirse \u201cmuy feliz de estar de nuevo\u201d en la selecci\u00f3n y \u201ccon muchas ganas de ayudar\u201d, en un momento en el que \u2014seg\u00fan reconoci\u00f3\u2014 se siente bien desde lo f\u00edsico y enfocado en lo colectivo. \u201cAhora, a prepararnos para estos dos amistosos, primero pensando en Inglaterra para tratar de hacer un buen partido\u201d, se\u00f1al\u00f3.<\/p>\n\n\n\n<p>M\u00e1s all\u00e1 de su presente a nivel de clubes, N\u00fa\u00f1ez tambi\u00e9n dej\u00f3 ver algo m\u00e1s profundo: el valor de volver a la convivencia con el grupo. Habl\u00f3 de los mates, de las charlas, de las an\u00e9cdotas compartidas, de ese tejido invisible que muchas veces sostiene lo que despu\u00e9s se ve en la cancha. Y, desde lo futbol\u00edstico, reafirm\u00f3 su disposici\u00f3n: jugar donde el entrenador lo necesite, pelear con los centrales, aportar en lo que el equipo demande.<\/p>\n\n\n\n<p>Puertas adentro, el mensaje tambi\u00e9n va en l\u00ednea con lo que ha se\u00f1alado en estas horas Jorge Giordano. La base del plantel que ir\u00e1 al Mundial est\u00e1 \u2013en buena medida\u2013 definida, y estas ventanas internacionales funcionan m\u00e1s como ajuste fino que como instancia de descubrimiento. La b\u00fasqueda pasa por consolidar el funcionamiento.<\/p>\n\n\n\n<p>Despu\u00e9s vendr\u00e1 el viaje a Tur\u00edn para enfrentar a Argelia, el martes 31. Pero ese partido, sin dejar de ser importante, aparece hoy en un segundo plano. Todo conduce a Wembley, a ese estadio que impone por lo que representa y que estar\u00e1 colmado. All\u00ed, la selecci\u00f3n no solo jugar\u00e1 un amistoso, sino que pondr\u00e1 a prueba su presente.<\/p>\n\n\n\n<p>El calendario avanza, el Mundial empieza a asomar en el horizonte, y estos partidos \u2014los \u00faltimos fuera de fronteras\u2014 ya no son simplemente preparaci\u00f3n, son, de alg\u00fan modo, anticipos y pruebas. Giordano reafirm\u00f3 lo que aparentemente piensa Bielsa. Que tiene 22 o 23 futbolistas seguros y que espera ir definiendo esos tres lugares que faltan. \u201cDonde cambi\u00e1s m\u00e1s es en la delantera, y donde se acumulan las sanciones es en la defensa; habr\u00e1 que ver\u201d, dijo el floridense.<\/p>\n\n\n\n<p><em>*La Diaria<\/em><\/p>\n","protected":false},"excerpt":{"rendered":"<p>Con el plantel completo y el foco cada vez m\u00e1s puesto en Inglaterra, la selecci\u00f3n de Bielsa parecer\u00eda ser similar a la oncena regular. Uruguay<\/p>\n","protected":false},"author":1,"featured_media":5768,"comment_status":"closed","ping_status":"open","sticky":false,"template":"","format":"standard","meta":{"advgb_blocks_editor_width":"","advgb_blocks_columns_visual_guide":"","footnotes":"","jetpack_publicize_message":"Con el plantel completo y el foco cada vez m\u00e1s puesto en Inglaterra, la selecci\u00f3n de Bielsa parecer\u00eda ser similar a la oncena regular...\ud83d\udc47","jetpack_publicize_feature_enabled":true,"jetpack_social_post_already_shared":false,"jetpack_social_options":{"image_generator_settings":{"template":"highway","default_image_id":0,"font":"","enabled":false},"version":2}},"categories":[5],"tags":[],"class_list":["post-9488","post","type-post","status-publish","format-standard","has-post-thumbnail","hentry","category-de-la-tribuna"],"author_meta":{"display_name":"Portal","author_link":"https:\/\/portaldeyoung.uy\/index.php\/author\/admin_port\/"},"featured_img":"https:\/\/portaldeyoung.uy\/wp-content\/uploads\/2025\/11\/uruguay-300x194.png","jetpack_publicize_connections":[],"coauthors":[],"tax_additional":{"categories":{"linked":["<a href=\"https:\/\/portaldeyoung.uy\/index.php\/category\/de-la-tribuna\/\" class=\"advgb-post-tax-term\">De la tribuna<\/a>"],"unlinked":["<span class=\"advgb-post-tax-term\">De la tribuna<\/span>"]}},"comment_count":"0","relative_dates":{"created":"Publicado 1 mes hace","modified":"Actualizado 1 mes hace"},"absolute_dates":{"created":"Publicado el marzo 26, 2026","modified":"Actualizado el marzo 26, 2026"},"absolute_dates_time":{"created":"Publicado el marzo 26, 2026 7:27 am","modified":"Actualizado el marzo 26, 2026 7:28 am"},"featured_img_caption":"","series_order":"","_links":{"self":[{"href":"https:\/\/portaldeyoung.uy\/index.php\/wp-json\/wp\/v2\/posts\/9488","targetHints":{"allow":["GET"]}}],"collection":[{"href":"https:\/\/portaldeyoung.uy\/index.php\/wp-json\/wp\/v2\/posts"}],"about":[{"href":"https:\/\/portaldeyoung.uy\/index.php\/wp-json\/wp\/v2\/types\/post"}],"author":[{"embeddable":true,"href":"https:\/\/portaldeyoung.uy\/index.php\/wp-json\/wp\/v2\/users\/1"}],"replies":[{"embeddable":true,"href":"https:\/\/portaldeyoung.uy\/index.php\/wp-json\/wp\/v2\/comments?post=9488"}],"version-history":[{"count":1,"href":"https:\/\/portaldeyoung.uy\/index.php\/wp-json\/wp\/v2\/posts\/9488\/revisions"}],"predecessor-version":[{"id":9489,"href":"https:\/\/portaldeyoung.uy\/index.php\/wp-json\/wp\/v2\/posts\/9488\/revisions\/9489"}],"wp:featuredmedia":[{"embeddable":true,"href":"https:\/\/portaldeyoung.uy\/index.php\/wp-json\/wp\/v2\/media\/5768"}],"wp:attachment":[{"href":"https:\/\/portaldeyoung.uy\/index.php\/wp-json\/wp\/v2\/media?parent=9488"}],"wp:term":[{"taxonomy":"category","embeddable":true,"href":"https:\/\/portaldeyoung.uy\/index.php\/wp-json\/wp\/v2\/categories?post=9488"},{"taxonomy":"post_tag","embeddable":true,"href":"https:\/\/portaldeyoung.uy\/index.php\/wp-json\/wp\/v2\/tags?post=9488"}],"curies":[{"name":"wp","href":"https:\/\/api.w.org\/{rel}","templated":true}]}}