{"id":9486,"date":"2026-03-26T07:23:27","date_gmt":"2026-03-26T10:23:27","guid":{"rendered":"https:\/\/portaldeyoung.uy\/?p=9486"},"modified":"2026-03-27T11:02:13","modified_gmt":"2026-03-27T14:02:13","slug":"siete-detenidos-y-droga-incautada-en-fray-bentos-en-el-marco-de-la-operacion-anfiesbena","status":"publish","type":"post","link":"https:\/\/portaldeyoung.uy\/index.php\/2026\/03\/26\/siete-detenidos-y-droga-incautada-en-fray-bentos-en-el-marco-de-la-operacion-anfiesbena\/","title":{"rendered":"Siete detenidos y droga incautada en Fray Bentos en el marco de la Operaci\u00f3n \u201cAnfiesbena\u201d"},"content":{"rendered":"\n<p>La Jefatura de Polic\u00eda de R\u00edo Negro inform\u00f3 sobre su participaci\u00f3n en un operativo antidrogas denominado \u201cAnfiesbena\u201d, llevado adelante a solicitud de la Brigada Antidrogas del departamento de Colonia, que permiti\u00f3 la detenci\u00f3n de siete personas y la incautaci\u00f3n de estupefacientes en la ciudad de Fray Bentos.<\/p>\n\n\n\n<p>El procedimiento fue ejecutado por personal de la Brigada Departamental Antidrogas, en conjunto con la Direcci\u00f3n de An\u00e1lisis Criminal, efectivos de la Unidad de Investigaciones de Zona I y II, el Grupo de Reserva T\u00e1ctica y la Unidad de Respuesta Policial.<\/p>\n\n\n\n<p>En el marco de la operaci\u00f3n, y de acuerdo a \u00f3rdenes expedidas por la Justicia competente, se realizaron siete allanamientos simult\u00e1neos en distintos puntos de la ciudad. Como resultado, fueron detenidas siete personas y se incautaron varios elementos vinculados a la investigaci\u00f3n, entre ellos tel\u00e9fonos celulares y sustancia estupefaciente, estim\u00e1ndose unas 50 dosis de coca\u00edna.<\/p>\n\n\n\n<p>Tras las actuaciones, los detenidos fueron trasladados al departamento de Colonia, donde quedaron a disposici\u00f3n de la Fiscal\u00eda Letrada de esa jurisdicci\u00f3n, que continuar\u00e1 con la investigaci\u00f3n y las instancias judiciales correspondientes.<\/p>\n","protected":false},"excerpt":{"rendered":"<p>La Jefatura de Polic\u00eda de R\u00edo Negro inform\u00f3 sobre su participaci\u00f3n en un operativo antidrogas denominado \u201cAnfiesbena\u201d, llevado adelante a solicitud de la Brigada Antidrogas<\/p>\n","protected":false},"author":1,"featured_media":2477,"comment_status":"closed","ping_status":"open","sticky":false,"template":"","format":"standard","meta":{"advgb_blocks_editor_width":"","advgb_blocks_columns_visual_guide":"","footnotes":"","jetpack_publicize_message":"La Jefatura de Polic\u00eda de R\u00edo Negro inform\u00f3 sobre su participaci\u00f3n en un operativo antidrogas denominado \u201cAnfiesbena\u201d, llevado adelante a solicitud de la ...Lee la nota completa\ud83d\udc47","jetpack_publicize_feature_enabled":true,"jetpack_social_post_already_shared":false,"jetpack_social_options":{"image_generator_settings":{"template":"highway","default_image_id":0,"font":"","enabled":false},"version":2}},"categories":[29],"tags":[],"class_list":["post-9486","post","type-post","status-publish","format-standard","has-post-thumbnail","hentry","category-del-territorio"],"author_meta":{"display_name":"Portal","author_link":"https:\/\/portaldeyoung.uy\/index.php\/author\/admin_port\/"},"featured_img":"https:\/\/portaldeyoung.uy\/wp-content\/uploads\/2025\/08\/policia-maldonado-300x193.png","jetpack_publicize_connections":[],"coauthors":[],"tax_additional":{"categories":{"linked":["<a href=\"https:\/\/portaldeyoung.uy\/index.php\/category\/del-territorio\/\" class=\"advgb-post-tax-term\">Del territorio<\/a>"],"unlinked":["<span class=\"advgb-post-tax-term\">Del territorio<\/span>"]}},"comment_count":"0","relative_dates":{"created":"Publicado 1 mes hace","modified":"Actualizado 1 mes hace"},"absolute_dates":{"created":"Publicado el marzo 26, 2026","modified":"Actualizado el marzo 27, 2026"},"absolute_dates_time":{"created":"Publicado el marzo 26, 2026 7:23 am","modified":"Actualizado el marzo 27, 2026 11:02 am"},"featured_img_caption":"","series_order":"","_links":{"self":[{"href":"https:\/\/portaldeyoung.uy\/index.php\/wp-json\/wp\/v2\/posts\/9486","targetHints":{"allow":["GET"]}}],"collection":[{"href":"https:\/\/portaldeyoung.uy\/index.php\/wp-json\/wp\/v2\/posts"}],"about":[{"href":"https:\/\/portaldeyoung.uy\/index.php\/wp-json\/wp\/v2\/types\/post"}],"author":[{"embeddable":true,"href":"https:\/\/portaldeyoung.uy\/index.php\/wp-json\/wp\/v2\/users\/1"}],"replies":[{"embeddable":true,"href":"https:\/\/portaldeyoung.uy\/index.php\/wp-json\/wp\/v2\/comments?post=9486"}],"version-history":[{"count":1,"href":"https:\/\/portaldeyoung.uy\/index.php\/wp-json\/wp\/v2\/posts\/9486\/revisions"}],"predecessor-version":[{"id":9487,"href":"https:\/\/portaldeyoung.uy\/index.php\/wp-json\/wp\/v2\/posts\/9486\/revisions\/9487"}],"wp:featuredmedia":[{"embeddable":true,"href":"https:\/\/portaldeyoung.uy\/index.php\/wp-json\/wp\/v2\/media\/2477"}],"wp:attachment":[{"href":"https:\/\/portaldeyoung.uy\/index.php\/wp-json\/wp\/v2\/media?parent=9486"}],"wp:term":[{"taxonomy":"category","embeddable":true,"href":"https:\/\/portaldeyoung.uy\/index.php\/wp-json\/wp\/v2\/categories?post=9486"},{"taxonomy":"post_tag","embeddable":true,"href":"https:\/\/portaldeyoung.uy\/index.php\/wp-json\/wp\/v2\/tags?post=9486"}],"curies":[{"name":"wp","href":"https:\/\/api.w.org\/{rel}","templated":true}]}}