{"id":9483,"date":"2026-03-26T07:17:21","date_gmt":"2026-03-26T10:17:21","guid":{"rendered":"https:\/\/portaldeyoung.uy\/?p=9483"},"modified":"2026-03-27T11:02:24","modified_gmt":"2026-03-27T14:02:24","slug":"fray-bentos-se-entregaron-viviendas-por-el-plan-juntos","status":"publish","type":"post","link":"https:\/\/portaldeyoung.uy\/index.php\/2026\/03\/26\/fray-bentos-se-entregaron-viviendas-por-el-plan-juntos\/","title":{"rendered":"Fray Bentos: se entregaron viviendas por el Plan Juntos"},"content":{"rendered":"\n<p>El Ministerio de Vivienda y Ordenamiento Territorial (MVOT) entreg\u00f3 este mi\u00e9rcoles, 8 nuevas viviendas en la ciudad de Fray Bentos. El proyecto de intervenci\u00f3n fue desarrollado por la Direcci\u00f3n Nacional de Integraci\u00f3nh Social y Urbana (Dinisu), a trav\u00e9s del plan Juntos, en convenio con la Intendencia de R\u00edo Negro.<\/p>\n\n\n\n<p>La iniciativa tiene como objetivo llevar adelante un plan de realojo y una propuesta de trabajo social y comunitario dirigida a 71 familias, con la participaci\u00f3n de diversos organismos e instituciones que trabajan en el territorio.<\/p>\n\n\n\n<p>\u201cPlan Juntos est\u00e1 trabajando en Fray Bentos desde hace muchos a\u00f1os, de forma ininterrumpida, y esta intervenci\u00f3n forma parte de un proyecto que comprende a 71 familias, organizado en distintas etapas. En diciembre se realiz\u00f3 una primera entrega y hoy estamos concretando nuevas soluciones habitacionales, mientras se avanza hacia la finalizaci\u00f3n del grupo restante\u201d, se\u00f1al\u00f3 la coordinadora del Plan Juntos, In\u00e9s Sarr\u00edes.<\/p>\n\n\n\n<p>En esta oportunidad se entregaron 8 viviendas correspondientes a la segunda etapa del proyecto, que prev\u00e9 la construcci\u00f3n de un total de 39 soluciones habitacionales, junto con obras de infraestructura y un proceso de acompa\u00f1amiento social a las familias participantes.<\/p>\n\n\n\n<p>El proceso de selecci\u00f3n de las familias comenz\u00f3 en 2024 mediante una convocatoria a instituciones p\u00fablicas, organizaciones sociales y dispositivos territoriales, con el fin de atender situaciones de emergencia socio-habitacional a nivel local.<\/p>\n\n\n\n<p>Los participantes desarrollaron distintas actividades sociales y comunitarias, y tuvieron participaci\u00f3n en jornadas de trabajo en obra, instancias de formaci\u00f3n, talleres de convivencia, actividades de cuidado de la salud y acciones orientadas a la construcci\u00f3n colectiva del nuevo barrio.<\/p>\n\n\n\n<p>El proyecto tambi\u00e9n incluy\u00f3 la ejecuci\u00f3n de obras de infraestructura necesarias para el funcionamiento del conjunto habitacional, entre ellas la red de saneamiento, abastecimiento de agua potable, conexiones domiciliarias, muros de contenci\u00f3n y otros trabajos vinculados al acondicionamiento del entorno.<\/p>\n\n\n\n<p>El intendente de R\u00edo Negro, Guillermo Levratto, destac\u00f3 el trabajo conjunto entre el Gobierno nacional y departamental, y se\u00f1al\u00f3 que la intervenci\u00f3n permite avanzar en la construcci\u00f3n de derechos y en la integraci\u00f3n de las familias a la ciudad. En ese sentido, sostuvo que el crecimiento de la zona implica nuevos desaf\u00edos para el departamento, que deben ser acompa\u00f1ados con servicios, infraestructura y espacios p\u00fablicos.<\/p>\n","protected":false},"excerpt":{"rendered":"<p>El Ministerio de Vivienda y Ordenamiento Territorial (MVOT) entreg\u00f3 este mi\u00e9rcoles, 8 nuevas viviendas en la ciudad de Fray Bentos. El proyecto de intervenci\u00f3n fue<\/p>\n","protected":false},"author":1,"featured_media":9484,"comment_status":"closed","ping_status":"open","sticky":false,"template":"","format":"standard","meta":{"advgb_blocks_editor_width":"","advgb_blocks_columns_visual_guide":"","footnotes":"","jetpack_publicize_message":"El proyecto de intervenci\u00f3n fue desarrollado por la Direcci\u00f3n Nacional de Integraci\u00f3nh Social y Urbana (Dinisu), a trav\u00e9s del plan Juntos, en ...Lee la nota completa\ud83d\udc47","jetpack_publicize_feature_enabled":true,"jetpack_social_post_already_shared":false,"jetpack_social_options":{"image_generator_settings":{"template":"highway","default_image_id":0,"font":"","enabled":false},"version":2}},"categories":[29],"tags":[],"class_list":["post-9483","post","type-post","status-publish","format-standard","has-post-thumbnail","hentry","category-del-territorio"],"author_meta":{"display_name":"Portal","author_link":"https:\/\/portaldeyoung.uy\/index.php\/author\/admin_port\/"},"featured_img":"https:\/\/portaldeyoung.uy\/wp-content\/uploads\/2026\/03\/plan-juntos-FB-300x188.png","jetpack_publicize_connections":[],"coauthors":[],"tax_additional":{"categories":{"linked":["<a href=\"https:\/\/portaldeyoung.uy\/index.php\/category\/del-territorio\/\" class=\"advgb-post-tax-term\">Del territorio<\/a>"],"unlinked":["<span class=\"advgb-post-tax-term\">Del territorio<\/span>"]}},"comment_count":"0","relative_dates":{"created":"Publicado 1 mes hace","modified":"Actualizado 1 mes hace"},"absolute_dates":{"created":"Publicado el marzo 26, 2026","modified":"Actualizado el marzo 27, 2026"},"absolute_dates_time":{"created":"Publicado el marzo 26, 2026 7:17 am","modified":"Actualizado el marzo 27, 2026 11:02 am"},"featured_img_caption":"","series_order":"","_links":{"self":[{"href":"https:\/\/portaldeyoung.uy\/index.php\/wp-json\/wp\/v2\/posts\/9483","targetHints":{"allow":["GET"]}}],"collection":[{"href":"https:\/\/portaldeyoung.uy\/index.php\/wp-json\/wp\/v2\/posts"}],"about":[{"href":"https:\/\/portaldeyoung.uy\/index.php\/wp-json\/wp\/v2\/types\/post"}],"author":[{"embeddable":true,"href":"https:\/\/portaldeyoung.uy\/index.php\/wp-json\/wp\/v2\/users\/1"}],"replies":[{"embeddable":true,"href":"https:\/\/portaldeyoung.uy\/index.php\/wp-json\/wp\/v2\/comments?post=9483"}],"version-history":[{"count":1,"href":"https:\/\/portaldeyoung.uy\/index.php\/wp-json\/wp\/v2\/posts\/9483\/revisions"}],"predecessor-version":[{"id":9485,"href":"https:\/\/portaldeyoung.uy\/index.php\/wp-json\/wp\/v2\/posts\/9483\/revisions\/9485"}],"wp:featuredmedia":[{"embeddable":true,"href":"https:\/\/portaldeyoung.uy\/index.php\/wp-json\/wp\/v2\/media\/9484"}],"wp:attachment":[{"href":"https:\/\/portaldeyoung.uy\/index.php\/wp-json\/wp\/v2\/media?parent=9483"}],"wp:term":[{"taxonomy":"category","embeddable":true,"href":"https:\/\/portaldeyoung.uy\/index.php\/wp-json\/wp\/v2\/categories?post=9483"},{"taxonomy":"post_tag","embeddable":true,"href":"https:\/\/portaldeyoung.uy\/index.php\/wp-json\/wp\/v2\/tags?post=9483"}],"curies":[{"name":"wp","href":"https:\/\/api.w.org\/{rel}","templated":true}]}}