{"id":948,"date":"2025-07-01T11:01:01","date_gmt":"2025-07-01T11:01:01","guid":{"rendered":"https:\/\/portaldeyoung.uy\/?p=948"},"modified":"2025-07-02T11:26:22","modified_gmt":"2025-07-02T11:26:22","slug":"tn-de-argentina-destaca-al-musico-de-young-jorge-bunevaz","status":"publish","type":"post","link":"https:\/\/portaldeyoung.uy\/index.php\/2025\/07\/01\/tn-de-argentina-destaca-al-musico-de-young-jorge-bunevaz\/","title":{"rendered":"TN de Argentina destaca al m\u00fasico de Young Jorge Bu\u00f1evaz"},"content":{"rendered":"\n<p>Jorge Bu\u00f1evaz, m\u00fasico y cantautor oriundo de Young, ha conquistado los corazones de miles en las redes sociales al compartir momentos musicales con su hija Mila, de tan solo 5 a\u00f1os. En un mundo digital saturado de contenidos ultraeditados, la autenticidad y la espontaneidad de la ni\u00f1ez han brillado con luz propia.<\/p>\n\n\n\n<p>Jorge, conocido por liderar el grupo de folclore \u00abSin Estribos\u00bb desde 2016, expres\u00f3 su sorpresa ante la repercusi\u00f3n alcanzada junto a Mila. \u00abSiempre hago videos para mostrar mis canciones o colaboraciones con otros m\u00fasicos, y ella se involucra naturalmente. Aparece con su guitarrita y disfrutamos mucho esos momentos juntos\u00bb, comparti\u00f3 en una entrevista con TN de Argentina.<\/p>\n\n\n\n<p>Educado en una escuela agraria y trabajando en el sector de maquinaria agr\u00edcola, Bu\u00f1evaz ha mantenido fuertes lazos con el campo, inspiraci\u00f3n constante en su m\u00fasica. \u00abPrefiero que Mila siga siendo un juego. No le meto presi\u00f3n para que aprenda; ella inventa sus letras y le doy su tiempo. La espontaneidad es lo m\u00e1s hermoso de los ni\u00f1os\u00bb, reflexion\u00f3 el m\u00fasico.<\/p>\n\n\n\n<p>Adem\u00e1s de su carrera musical, Jorge ha colaborado con destacados artistas como Lucas Sugo y La Sinf\u00f3nica de Tambores, consolidando una identidad propia en el folclore uruguayo. \u00abLas redes sociales nos han permitido llegar a un p\u00fablico m\u00e1s amplio y compartir nuestra historia de manera personal. Es un escenario genial para mostrar lo que hacemos\u00bb, a\u00f1adi\u00f3 Bu\u00f1evaz.<\/p>\n\n\n\n<p>Con sue\u00f1os de expandir su m\u00fasica m\u00e1s all\u00e1 de las fronteras, Jorge aspira a \u00abcruzar el charco\u00bb y seguir creciendo con su banda. \u00abTocamos una vez en Col\u00f3n, Entre R\u00edos, y aunque enfrentamos desaf\u00edos econ\u00f3micos, las redes nos han brindado un espacio \u00fanico para conectar con la gente\u00bb, concluy\u00f3 el m\u00fasico.<\/p>\n\n\n\n<p>El \u00e9xito de Jorge Bu\u00f1evaz y Mila en las redes sociales no solo resalta su talento musical, sino tambi\u00e9n el valor de la autenticidad y la conexi\u00f3n familiar en un entorno digitalizado.<\/p>\n\n\n\n<p>Para m\u00e1s informaci\u00f3n sobre Jorge Bu\u00f1evaz y sus pr\u00f3ximos proyectos, puede seguirlo en su cuenta de Instagram <a class=\"\" href=\"https:\/\/www.instagram.com\/jorgebunevazmusic\">@jorgebunevazmusic<\/a>.<\/p>\n","protected":false},"excerpt":{"rendered":"<p>Jorge Bu\u00f1evaz, m\u00fasico y cantautor oriundo de Young, ha conquistado los corazones de miles en las redes sociales al compartir momentos musicales con su hija<\/p>\n","protected":false},"author":1,"featured_media":949,"comment_status":"open","ping_status":"open","sticky":false,"template":"","format":"standard","meta":{"advgb_blocks_editor_width":"","advgb_blocks_columns_visual_guide":"","footnotes":"","jetpack_publicize_message":"","jetpack_publicize_feature_enabled":true,"jetpack_social_post_already_shared":true,"jetpack_social_options":{"image_generator_settings":{"template":"highway","default_image_id":0,"font":"","enabled":false},"version":2}},"categories":[4],"tags":[],"class_list":["post-948","post","type-post","status-publish","format-standard","has-post-thumbnail","hentry","category-de-aca"],"author_meta":{"display_name":"Portal","author_link":"https:\/\/portaldeyoung.uy\/index.php\/author\/admin_port\/"},"featured_img":"https:\/\/portaldeyoung.uy\/wp-content\/uploads\/2025\/07\/Bunevaz-y-sin-estribos-300x203.png","jetpack_publicize_connections":[],"coauthors":[],"tax_additional":{"categories":{"linked":["<a href=\"https:\/\/portaldeyoung.uy\/index.php\/category\/de-aca\/\" class=\"advgb-post-tax-term\">De ac\u00e1<\/a>"],"unlinked":["<span class=\"advgb-post-tax-term\">De ac\u00e1<\/span>"]}},"comment_count":"0","relative_dates":{"created":"Publicado 10 meses hace","modified":"Actualizado 10 meses hace"},"absolute_dates":{"created":"Publicado el julio 1, 2025","modified":"Actualizado el julio 2, 2025"},"absolute_dates_time":{"created":"Publicado el julio 1, 2025 11:01 am","modified":"Actualizado el julio 2, 2025 11:26 am"},"featured_img_caption":"","series_order":"","_links":{"self":[{"href":"https:\/\/portaldeyoung.uy\/index.php\/wp-json\/wp\/v2\/posts\/948","targetHints":{"allow":["GET"]}}],"collection":[{"href":"https:\/\/portaldeyoung.uy\/index.php\/wp-json\/wp\/v2\/posts"}],"about":[{"href":"https:\/\/portaldeyoung.uy\/index.php\/wp-json\/wp\/v2\/types\/post"}],"author":[{"embeddable":true,"href":"https:\/\/portaldeyoung.uy\/index.php\/wp-json\/wp\/v2\/users\/1"}],"replies":[{"embeddable":true,"href":"https:\/\/portaldeyoung.uy\/index.php\/wp-json\/wp\/v2\/comments?post=948"}],"version-history":[{"count":2,"href":"https:\/\/portaldeyoung.uy\/index.php\/wp-json\/wp\/v2\/posts\/948\/revisions"}],"predecessor-version":[{"id":952,"href":"https:\/\/portaldeyoung.uy\/index.php\/wp-json\/wp\/v2\/posts\/948\/revisions\/952"}],"wp:featuredmedia":[{"embeddable":true,"href":"https:\/\/portaldeyoung.uy\/index.php\/wp-json\/wp\/v2\/media\/949"}],"wp:attachment":[{"href":"https:\/\/portaldeyoung.uy\/index.php\/wp-json\/wp\/v2\/media?parent=948"}],"wp:term":[{"taxonomy":"category","embeddable":true,"href":"https:\/\/portaldeyoung.uy\/index.php\/wp-json\/wp\/v2\/categories?post=948"},{"taxonomy":"post_tag","embeddable":true,"href":"https:\/\/portaldeyoung.uy\/index.php\/wp-json\/wp\/v2\/tags?post=948"}],"curies":[{"name":"wp","href":"https:\/\/api.w.org\/{rel}","templated":true}]}}