{"id":9475,"date":"2026-03-26T07:01:07","date_gmt":"2026-03-26T10:01:07","guid":{"rendered":"https:\/\/portaldeyoung.uy\/?p=9475"},"modified":"2026-03-26T07:01:29","modified_gmt":"2026-03-26T10:01:29","slug":"el-nuevo-campus-de-la-udelar-en-paysandu-avanza-por-etapas-y-apunta-a-inaugurarse-en-mayo-de-2027","status":"publish","type":"post","link":"https:\/\/portaldeyoung.uy\/index.php\/2026\/03\/26\/el-nuevo-campus-de-la-udelar-en-paysandu-avanza-por-etapas-y-apunta-a-inaugurarse-en-mayo-de-2027\/","title":{"rendered":"El nuevo campus de la UDELAR en Paysand\u00fa avanza por etapas y apunta a inaugurarse en mayo de 2027"},"content":{"rendered":"\n<p>El proyecto del nuevo campus de la Universidad de la Rep\u00fablica en Paysand\u00fa avanza bajo un esquema de ejecuci\u00f3n por etapas, con dos obras ya en marcha y otras en proceso de definici\u00f3n, en una intervenci\u00f3n que abarca una construcci\u00f3n nueva, reciclaje de estructuras existentes y la creaci\u00f3n de un espacio abierto \u2013y p\u00fablico\u2013 que articular\u00e1 el conjunto.<\/p>\n\n\n\n<p>En la ma\u00f1ana de este lunes, pese a la lluvia, hubo recorrida por el lugar de las autoridades departamentales, encabezadas por el intendente Nicol\u00e1s Olivera, acompa\u00f1ados por el rector de la UdelaR, H\u00e9ctor Cancela, y representantes de la CAF, entidad clave para esta inversi\u00f3n de 26 millones de d\u00f3lares.<\/p>\n\n\n\n<p>En di\u00e1logo con la prensa, el arquitecto Mario B\u00e1ez, integrante de la Direcci\u00f3n General de Arquitectura y uno de los responsables del dise\u00f1o, explic\u00f3 que \u201cel edificio consta de cuatro partes\u201d y que \u201cpor ahora lo que se decidi\u00f3 es dividirlo y licitarlo por separado\u201d.<\/p>\n\n\n\n<p>Las primeras dos intervenciones ya est\u00e1n adjudicadas y en ejecuci\u00f3n. Se trata del edificio de obra nueva sobre calle Zorrilla de San Mart\u00edn y de la refuncionalizaci\u00f3n de galpones sobre calle Dr. De Herrera, donde se instalar\u00e1n laboratorios. \u201cEsas dos obras ya est\u00e1n en ejecuci\u00f3n, las dos con una previsi\u00f3n de finalizaci\u00f3n para mayo de 2027\u201d, indic\u00f3 B\u00e1ez, aunque advirti\u00f3 que los plazos pueden verse afectados por factores externos. \u201cProbablemente esto de mayo de 2027 no prev\u00e9 d\u00edas de lluvia como el de hoy (por ayer), paros y dem\u00e1s\u201d, se\u00f1al\u00f3.<\/p>\n\n\n\n<p>A esas etapas se suman otras que a\u00fan no han sido licitadas. Entre ellas, la recuperaci\u00f3n de galpones sobre calle Sol\u00eds, cuyo proyecto ya fue aprobado, y una serie de intervenciones menores sobre construcciones en calle R\u00edo Negro. En paralelo, el proyecto incorpora un componente que B\u00e1ez defini\u00f3 como central, el denominado \u201cjard\u00edn universitario\u201d, un espacio que ocupar\u00e1 el \u00e1rea intermedia del predio. \u201cEs todo el espacio que hay entre medio, en esta hect\u00e1rea y media, entre estos cuatro sectores de edificaci\u00f3n\u201d, explic\u00f3. Ese sector estar\u00e1 organizado en terrazas que descienden hacia el r\u00edo y ser\u00e1, en parte, ejecutado junto con las obras ya en curso y, en parte, en futuras licitaciones.<\/p>\n\n\n\n<p>El objetivo, seg\u00fan el arquitecto, es evitar habilitaciones parciales. \u201cLa idea es intentar no inaugurar sectores, sino que esto est\u00e9 pronto todo junto\u201d, asever\u00f3. En ese sentido, si bien las dos obras principales tienen un cronograma definido, el desaf\u00edo ser\u00e1 acompasar las restantes para alcanzar una inauguraci\u00f3n global durante 2027. \u201cPretendemos que estas otras etapas que todav\u00eda no se licitaron est\u00e9n en el mismo tiempo. No s\u00e9 si se va a dar, pero s\u00ed podemos decir que en 2027 se estar\u00eda inaugurando\u201d, agreg\u00f3.<\/p>\n\n\n\n<p>En t\u00e9rminos de superficie, el campus alcanzar\u00e1 en torno a los 10.000 metros cuadrados construidos, adem\u00e1s de espacios exteriores. El edificio principal, de unos 4.000 metros cuadrados, concentrar\u00e1 \u00e1reas administrativas, de gobierno universitario, espacios docentes y de investigaci\u00f3n, y un nivel completo destinado a simulaci\u00f3n m\u00e9dica. \u201cEs una cosa bastante novedosa. No existe en la ciudad, no existe en la regi\u00f3n. Es algo totalmente nuevo\u201d, subray\u00f3 B\u00e1ez sobre este \u00faltimo componente.<\/p>\n\n\n\n<p>El proyecto tambi\u00e9n incluye biblioteca, aulas de gran capacidad, espacios polivalentes, cafeter\u00eda y diversos laboratorios. Parte de estas funciones se instalar\u00e1n en estructuras recicladas, en una decisi\u00f3n que responde a m\u00faltiples criterios. \u201cLa idea de reutilizar las infraestructuras que exist\u00edan es por un tema econ\u00f3mico, por un tema sustentable, y tambi\u00e9n por un tema de memoria\u201d, explic\u00f3. En el predio hay edificaciones que datan de principios del siglo XX, vinculadas al pasado ferroviario, que ser\u00e1n integradas al nuevo conjunto.<\/p>\n\n\n\n<p>Desde el punto de vista arquitect\u00f3nico, el dise\u00f1o apuesta a esa convivencia entre lo nuevo y lo existente. \u201cPodr\u00edamos decir que es una arquitectura contempor\u00e1nea, nueva, con estructura met\u00e1lica\u201d, describi\u00f3 B\u00e1ez sobre el edificio principal, que adem\u00e1s contar\u00e1 con circulaciones abiertas y orientaci\u00f3n hacia el r\u00edo. Al mismo tiempo, destac\u00f3 la incorporaci\u00f3n de elementos naturales. \u201cVa a ser un edificio muy verde\u201d, afirm\u00f3, en referencia a una fachada que integrar\u00e1 vegetaci\u00f3n.<\/p>\n\n\n\n<p>El campus no ser\u00e1 un espacio cerrado en sentido estricto. Aunque contar\u00e1 con ciertos controles, se proyecta como un \u00e1mbito abierto a la ciudad. \u201cVa a ser un espacio abierto para la ciudad tambi\u00e9n\u201d, se\u00f1al\u00f3 B\u00e1ez, quien indic\u00f3 que la intenci\u00f3n es que pueda ser utilizado no s\u00f3lo por estudiantes y docentes, sino tambi\u00e9n por la comunidad en general.<\/p>\n\n\n\n<p>La capacidad de estudiantes que podr\u00e1 albergar no est\u00e1 definida con precisi\u00f3n. \u201cEs muy dif\u00edcil estimar eso\u201d, admiti\u00f3, al explicar que el campus reunir\u00e1 actividades ya existentes y otras nuevas, lo que ampl\u00eda el alcance de la propuesta m\u00e1s all\u00e1 de las actuales dimensiones de la oferta acad\u00e9mica local.<\/p>\n\n\n\n<p><em>*El Tel\u00e9grafo<\/em><\/p>\n","protected":false},"excerpt":{"rendered":"<p>El proyecto del nuevo campus de la Universidad de la Rep\u00fablica en Paysand\u00fa avanza bajo un esquema de ejecuci\u00f3n por etapas, con dos obras ya<\/p>\n","protected":false},"author":1,"featured_media":9476,"comment_status":"closed","ping_status":"open","sticky":false,"template":"","format":"standard","meta":{"advgb_blocks_editor_width":"","advgb_blocks_columns_visual_guide":"","footnotes":"","jetpack_publicize_message":"El proyecto del nuevo campus de la Universidad de la Rep\u00fablica en Paysand\u00fa avanza bajo un esquema de ejecuci\u00f3n por etapas, con dos obras ya en marcha y otras en proceso de definici\u00f3n, en una intervenci\u00f3n que abarca una construcci\u00f3n nueva ...Lee la nota completa\ud83d\udc47","jetpack_publicize_feature_enabled":true,"jetpack_social_post_already_shared":false,"jetpack_social_options":{"image_generator_settings":{"template":"highway","default_image_id":0,"font":"","enabled":false},"version":2}},"categories":[7],"tags":[],"class_list":["post-9475","post","type-post","status-publish","format-standard","has-post-thumbnail","hentry","category-del-pais"],"author_meta":{"display_name":"Portal","author_link":"https:\/\/portaldeyoung.uy\/index.php\/author\/admin_port\/"},"featured_img":"https:\/\/portaldeyoung.uy\/wp-content\/uploads\/2026\/03\/UDELAR-Campus-300x169.jpg","jetpack_publicize_connections":[],"coauthors":[],"tax_additional":{"categories":{"linked":["<a href=\"https:\/\/portaldeyoung.uy\/index.php\/category\/del-pais\/\" class=\"advgb-post-tax-term\">Del pa\u00eds<\/a>"],"unlinked":["<span class=\"advgb-post-tax-term\">Del pa\u00eds<\/span>"]}},"comment_count":"0","relative_dates":{"created":"Publicado 1 mes hace","modified":"Actualizado 1 mes hace"},"absolute_dates":{"created":"Publicado el marzo 26, 2026","modified":"Actualizado el marzo 26, 2026"},"absolute_dates_time":{"created":"Publicado el marzo 26, 2026 7:01 am","modified":"Actualizado el marzo 26, 2026 7:01 am"},"featured_img_caption":"","series_order":"","_links":{"self":[{"href":"https:\/\/portaldeyoung.uy\/index.php\/wp-json\/wp\/v2\/posts\/9475","targetHints":{"allow":["GET"]}}],"collection":[{"href":"https:\/\/portaldeyoung.uy\/index.php\/wp-json\/wp\/v2\/posts"}],"about":[{"href":"https:\/\/portaldeyoung.uy\/index.php\/wp-json\/wp\/v2\/types\/post"}],"author":[{"embeddable":true,"href":"https:\/\/portaldeyoung.uy\/index.php\/wp-json\/wp\/v2\/users\/1"}],"replies":[{"embeddable":true,"href":"https:\/\/portaldeyoung.uy\/index.php\/wp-json\/wp\/v2\/comments?post=9475"}],"version-history":[{"count":1,"href":"https:\/\/portaldeyoung.uy\/index.php\/wp-json\/wp\/v2\/posts\/9475\/revisions"}],"predecessor-version":[{"id":9477,"href":"https:\/\/portaldeyoung.uy\/index.php\/wp-json\/wp\/v2\/posts\/9475\/revisions\/9477"}],"wp:featuredmedia":[{"embeddable":true,"href":"https:\/\/portaldeyoung.uy\/index.php\/wp-json\/wp\/v2\/media\/9476"}],"wp:attachment":[{"href":"https:\/\/portaldeyoung.uy\/index.php\/wp-json\/wp\/v2\/media?parent=9475"}],"wp:term":[{"taxonomy":"category","embeddable":true,"href":"https:\/\/portaldeyoung.uy\/index.php\/wp-json\/wp\/v2\/categories?post=9475"},{"taxonomy":"post_tag","embeddable":true,"href":"https:\/\/portaldeyoung.uy\/index.php\/wp-json\/wp\/v2\/tags?post=9475"}],"curies":[{"name":"wp","href":"https:\/\/api.w.org\/{rel}","templated":true}]}}