{"id":945,"date":"2025-07-01T10:52:24","date_gmt":"2025-07-01T10:52:24","guid":{"rendered":"https:\/\/portaldeyoung.uy\/?p=945"},"modified":"2025-07-02T11:26:14","modified_gmt":"2025-07-02T11:26:14","slug":"en-young-ante-la-ola-polar-se-trasladaran-personas-al-estadio-lavalleja","status":"publish","type":"post","link":"https:\/\/portaldeyoung.uy\/index.php\/2025\/07\/01\/en-young-ante-la-ola-polar-se-trasladaran-personas-al-estadio-lavalleja\/","title":{"rendered":"En Young ante la Ola Polar se trasladar\u00e1n personas al Estadio Lavalleja"},"content":{"rendered":"\n<p>De acuerdo a lo informado por el Municipio de Young, el Alcalde Claudio Aquino se reuni\u00f3 con referentes de Mides, Pol\u00edticas Sociales de la IRN y Polic\u00eda a fin de ajustar detalles del traslado y recepci\u00f3n de personas en el refugio que funciona en el Estadio  Lavalleja durante estos d\u00edas de ola de fr\u00edo polar.<\/p>\n\n\n\n<p>Cabe indicar que vecinos de la ciudad impulsan la realizaci\u00f3n de una Olla Popular, con el fin de ofrecer un plato de comida caliente a quien lo necesite. <\/p>\n\n\n\n<p>A nivel nacional, el Gobierno determin\u00f3 la Alerta de color Rojo ante las inclemencias clim\u00e1tica y las personas en situaci\u00f3n de calle. El <strong>Sistema Nacional de Emergencias (Sinae)<\/strong> contin\u00faa trabajando con la aplicaci\u00f3n de la \u201c<strong>alerta p\u00fablica de nivel rojo y alcance nacional<\/strong>\u201d por el estado de las personas en <strong>situaci\u00f3n de calle<\/strong> frente a las <strong>bajas temperaturas <\/strong>de este invierno.<\/p>\n\n\n\n<p><a href=\"https:\/\/vdo.ai\/contact?utm_medium=video&amp;utm_term=montevideo.com.uy&amp;utm_source=vdoai_logo\" target=\"_blank\" rel=\"noreferrer noopener\"><\/a>En la \u00faltima actualizaci\u00f3n del operativo, el gobierno inform\u00f3 que se \u201cbrind\u00f3 asistencia a un total de 2.453 personas: 2.030 a trav\u00e9s del sistema de refugios del <strong>Mides <\/strong>[Ministerio de Desarrollo Social] (1.287 en Montevideo y 743 en el interior) y 423 mediante los <strong>centros de evacuaci\u00f3n<\/strong> (347 en Montevideo y 76 en el interior)\u201d.<\/p>\n","protected":false},"excerpt":{"rendered":"<p>De acuerdo a lo informado por el Municipio de Young, el Alcalde Claudio Aquino se reuni\u00f3 con referentes de Mides, Pol\u00edticas Sociales de la IRN<\/p>\n","protected":false},"author":1,"featured_media":946,"comment_status":"open","ping_status":"open","sticky":false,"template":"","format":"standard","meta":{"advgb_blocks_editor_width":"","advgb_blocks_columns_visual_guide":"","footnotes":"","jetpack_publicize_message":"","jetpack_publicize_feature_enabled":true,"jetpack_social_post_already_shared":true,"jetpack_social_options":{"image_generator_settings":{"template":"highway","default_image_id":0,"font":"","enabled":false},"version":2}},"categories":[4],"tags":[],"class_list":["post-945","post","type-post","status-publish","format-standard","has-post-thumbnail","hentry","category-de-aca"],"author_meta":{"display_name":"Portal","author_link":"https:\/\/portaldeyoung.uy\/index.php\/author\/admin_port\/"},"featured_img":"https:\/\/portaldeyoung.uy\/wp-content\/uploads\/2025\/07\/Frio-Polar-Young-Municipio-300x150.jpg","jetpack_publicize_connections":[],"coauthors":[],"tax_additional":{"categories":{"linked":["<a href=\"https:\/\/portaldeyoung.uy\/index.php\/category\/de-aca\/\" class=\"advgb-post-tax-term\">De ac\u00e1<\/a>"],"unlinked":["<span class=\"advgb-post-tax-term\">De ac\u00e1<\/span>"]}},"comment_count":"0","relative_dates":{"created":"Publicado 10 meses hace","modified":"Actualizado 10 meses hace"},"absolute_dates":{"created":"Publicado el julio 1, 2025","modified":"Actualizado el julio 2, 2025"},"absolute_dates_time":{"created":"Publicado el julio 1, 2025 10:52 am","modified":"Actualizado el julio 2, 2025 11:26 am"},"featured_img_caption":"","series_order":"","_links":{"self":[{"href":"https:\/\/portaldeyoung.uy\/index.php\/wp-json\/wp\/v2\/posts\/945","targetHints":{"allow":["GET"]}}],"collection":[{"href":"https:\/\/portaldeyoung.uy\/index.php\/wp-json\/wp\/v2\/posts"}],"about":[{"href":"https:\/\/portaldeyoung.uy\/index.php\/wp-json\/wp\/v2\/types\/post"}],"author":[{"embeddable":true,"href":"https:\/\/portaldeyoung.uy\/index.php\/wp-json\/wp\/v2\/users\/1"}],"replies":[{"embeddable":true,"href":"https:\/\/portaldeyoung.uy\/index.php\/wp-json\/wp\/v2\/comments?post=945"}],"version-history":[{"count":1,"href":"https:\/\/portaldeyoung.uy\/index.php\/wp-json\/wp\/v2\/posts\/945\/revisions"}],"predecessor-version":[{"id":947,"href":"https:\/\/portaldeyoung.uy\/index.php\/wp-json\/wp\/v2\/posts\/945\/revisions\/947"}],"wp:featuredmedia":[{"embeddable":true,"href":"https:\/\/portaldeyoung.uy\/index.php\/wp-json\/wp\/v2\/media\/946"}],"wp:attachment":[{"href":"https:\/\/portaldeyoung.uy\/index.php\/wp-json\/wp\/v2\/media?parent=945"}],"wp:term":[{"taxonomy":"category","embeddable":true,"href":"https:\/\/portaldeyoung.uy\/index.php\/wp-json\/wp\/v2\/categories?post=945"},{"taxonomy":"post_tag","embeddable":true,"href":"https:\/\/portaldeyoung.uy\/index.php\/wp-json\/wp\/v2\/tags?post=945"}],"curies":[{"name":"wp","href":"https:\/\/api.w.org\/{rel}","templated":true}]}}