{"id":9445,"date":"2026-03-25T08:18:00","date_gmt":"2026-03-25T11:18:00","guid":{"rendered":"https:\/\/portaldeyoung.uy\/?p=9445"},"modified":"2026-03-26T07:55:09","modified_gmt":"2026-03-26T10:55:09","slug":"se-conmemora-un-nuevo-aniversario-del-primer-acto-del-frente-amplio-en-nuestra-ciudad","status":"publish","type":"post","link":"https:\/\/portaldeyoung.uy\/index.php\/2026\/03\/25\/se-conmemora-un-nuevo-aniversario-del-primer-acto-del-frente-amplio-en-nuestra-ciudad\/","title":{"rendered":"Se conmemora un nuevo aniversario del primer acto del  Frente Amplio en nuestra ciudad"},"content":{"rendered":"\n<p> Young ser\u00e1 escenario de una actividad conmemorativa por el aniversario del Frente Amplio, en el marco de los 55 a\u00f1os de su primer acto de masas, realizado el 26 de marzo de 1971 y encabezado por L\u00edber Seregni.<\/p>\n\n\n\n<p>Seg\u00fan lo informado, la instancia tendr\u00e1 lugar el jueves 26 de marzo a las 19:00 horas en el Comit\u00e9 \u201cPocho Clavero\u201d, ubicado en la intersecci\u00f3n de Las Piedras y Minas. La convocatoria contar\u00e1 con participaci\u00f3n de dirigentes y militantes a nivel departamental.<\/p>\n\n\n\n<p>Durante la actividad est\u00e1 previsto que hagan uso de la palabra Oscar Terzaghi, Guillermo Levratto, Sylvia Ibarguren y Cecilia Rodr\u00edguez, quienes abordar\u00e1n distintos aspectos vinculados a la trayectoria y actualidad de la fuerza pol\u00edtica.<\/p>\n\n\n\n<p>Desde la organizaci\u00f3n se indic\u00f3 que la conmemoraci\u00f3n busca recordar aquel primer acto de 1971, considerado un hito en la conformaci\u00f3n y desarrollo del Frente Amplio a nivel nacional.<\/p>\n\n\n\n<p><br><br><br><\/p>\n","protected":false},"excerpt":{"rendered":"<p>Young ser\u00e1 escenario de una actividad conmemorativa por el aniversario del Frente Amplio, en el marco de los 55 a\u00f1os de su primer acto de<\/p>\n","protected":false},"author":1,"featured_media":9446,"comment_status":"closed","ping_status":"open","sticky":false,"template":"","format":"standard","meta":{"advgb_blocks_editor_width":"","advgb_blocks_columns_visual_guide":"","footnotes":"","jetpack_publicize_message":"Young ser\u00e1 escenario de una actividad conmemorativa por el aniversario del Frente Amplio, en el marco de los 55 a\u00f1os de su primer acto de masas, realizado el 26 de marzo de ...Lee la nota completa\ud83d\udc47","jetpack_publicize_feature_enabled":true,"jetpack_social_post_already_shared":false,"jetpack_social_options":{"image_generator_settings":{"template":"highway","default_image_id":0,"font":"","enabled":false},"version":2}},"categories":[4],"tags":[],"class_list":["post-9445","post","type-post","status-publish","format-standard","has-post-thumbnail","hentry","category-de-aca"],"author_meta":{"display_name":"Portal","author_link":"https:\/\/portaldeyoung.uy\/index.php\/author\/admin_port\/"},"featured_img":"https:\/\/portaldeyoung.uy\/wp-content\/uploads\/2026\/03\/Frente-amplio-26-de-marzo-300x229.jpg","jetpack_publicize_connections":[],"coauthors":[],"tax_additional":{"categories":{"linked":["<a href=\"https:\/\/portaldeyoung.uy\/index.php\/category\/de-aca\/\" class=\"advgb-post-tax-term\">De ac\u00e1<\/a>"],"unlinked":["<span class=\"advgb-post-tax-term\">De ac\u00e1<\/span>"]}},"comment_count":"0","relative_dates":{"created":"Publicado 1 mes hace","modified":"Actualizado 1 mes hace"},"absolute_dates":{"created":"Publicado el marzo 25, 2026","modified":"Actualizado el marzo 26, 2026"},"absolute_dates_time":{"created":"Publicado el marzo 25, 2026 8:18 am","modified":"Actualizado el marzo 26, 2026 7:55 am"},"featured_img_caption":"","series_order":"","_links":{"self":[{"href":"https:\/\/portaldeyoung.uy\/index.php\/wp-json\/wp\/v2\/posts\/9445","targetHints":{"allow":["GET"]}}],"collection":[{"href":"https:\/\/portaldeyoung.uy\/index.php\/wp-json\/wp\/v2\/posts"}],"about":[{"href":"https:\/\/portaldeyoung.uy\/index.php\/wp-json\/wp\/v2\/types\/post"}],"author":[{"embeddable":true,"href":"https:\/\/portaldeyoung.uy\/index.php\/wp-json\/wp\/v2\/users\/1"}],"replies":[{"embeddable":true,"href":"https:\/\/portaldeyoung.uy\/index.php\/wp-json\/wp\/v2\/comments?post=9445"}],"version-history":[{"count":1,"href":"https:\/\/portaldeyoung.uy\/index.php\/wp-json\/wp\/v2\/posts\/9445\/revisions"}],"predecessor-version":[{"id":9447,"href":"https:\/\/portaldeyoung.uy\/index.php\/wp-json\/wp\/v2\/posts\/9445\/revisions\/9447"}],"wp:featuredmedia":[{"embeddable":true,"href":"https:\/\/portaldeyoung.uy\/index.php\/wp-json\/wp\/v2\/media\/9446"}],"wp:attachment":[{"href":"https:\/\/portaldeyoung.uy\/index.php\/wp-json\/wp\/v2\/media?parent=9445"}],"wp:term":[{"taxonomy":"category","embeddable":true,"href":"https:\/\/portaldeyoung.uy\/index.php\/wp-json\/wp\/v2\/categories?post=9445"},{"taxonomy":"post_tag","embeddable":true,"href":"https:\/\/portaldeyoung.uy\/index.php\/wp-json\/wp\/v2\/tags?post=9445"}],"curies":[{"name":"wp","href":"https:\/\/api.w.org\/{rel}","templated":true}]}}