{"id":9438,"date":"2026-03-25T08:06:19","date_gmt":"2026-03-25T11:06:19","guid":{"rendered":"https:\/\/portaldeyoung.uy\/?p=9438"},"modified":"2026-03-26T07:55:02","modified_gmt":"2026-03-26T10:55:02","slug":"lanzaron-el-torneo-de-polo-semana-santa-2026-tendra-presencia-nacional-e-internacional","status":"publish","type":"post","link":"https:\/\/portaldeyoung.uy\/index.php\/2026\/03\/25\/lanzaron-el-torneo-de-polo-semana-santa-2026-tendra-presencia-nacional-e-internacional\/","title":{"rendered":"Lanzaron el Torneo de Polo \u201cSemana Santa 2026\u201d tendr\u00e1  presencia nacional e internacional"},"content":{"rendered":"\n<p>Se realiz\u00f3 el lanzamiento oficial del Torneo de Polo \u201cSemana Santa 2026\u201d, una propuesta deportiva de alto nivel que se desarrollar\u00e1 del 27 de marzo al 4 de abril y que reunir\u00e1 a competidores nacionales e internacionales.<\/p>\n\n\n\n<p>La iniciativa es impulsada por el R\u00edo Negro Polo Club, que ha consolidado este evento como uno de los principales atractivos durante la semana tur\u00edstica, combinando deporte, recreaci\u00f3n y movimiento econ\u00f3mico para la ciudad.<\/p>\n\n\n\n<p>Adem\u00e1s de los encuentros deportivos, el torneo ofrecer\u00e1 una variada agenda de actividades paralelas. Entre ellas, se destaca una feria de emprendedores locales y propuestas sociales como el \u201cafter chukker\u201d, que estar\u00e1 a cargo de Young Universitario, generando espacios de encuentro y disfrute para toda la comunidad.<\/p>\n\n\n\n<p>Desde la organizaci\u00f3n se subray\u00f3 la importancia del evento no solo en lo deportivo, sino tambi\u00e9n en su impacto en el turismo y el comercio local, al atraer visitantes y posicionar a la ciudad como sede de actividades de relevancia.<\/p>\n\n\n\n<p>El fixture completo del torneo ya se encuentra disponible para el p\u00fablico interesado, invitando a vecinos y visitantes a sumarse a esta fiesta del polo.<\/p>\n\n\n\n<h2 class=\"wp-block-heading\">FIXTURE<\/h2>\n\n\n\n<div class=\"wp-block-advgb-images-slider advgb-images-slider-block advg-images-slider-9eddeb9b-1a6f-4656-aa44-da2003911761\"><div class=\"advgb-images-slider\" dir=\"ltr\"><div class=\"advgb-image-slider-item\"><img decoding=\"async\" src=\"https:\/\/portaldeyoung.uy\/wp-content\/uploads\/2026\/03\/fixture-Polo-2.jpg\" class=\"advgb-image-slider-img\" alt=\"\" style=\"width:100%;height:auto\"\/><div class=\"advgb-image-slider-item-info\" style=\"justify-content:center;align-items:center\"><\/div><\/div><div class=\"advgb-image-slider-item\"><img decoding=\"async\" src=\"https:\/\/portaldeyoung.uy\/wp-content\/uploads\/2026\/03\/fixture-Polo-3.jpg\" class=\"advgb-image-slider-img\" alt=\"\" style=\"width:100%;height:auto\"\/><div class=\"advgb-image-slider-item-info\" style=\"justify-content:center;align-items:center\"><\/div><\/div><div class=\"advgb-image-slider-item\"><img decoding=\"async\" src=\"https:\/\/portaldeyoung.uy\/wp-content\/uploads\/2026\/03\/fixture-Polo-4.jpg\" class=\"advgb-image-slider-img\" alt=\"\" style=\"width:100%;height:auto\"\/><div class=\"advgb-image-slider-item-info\" style=\"justify-content:center;align-items:center\"><\/div><\/div><div class=\"advgb-image-slider-item\"><img decoding=\"async\" src=\"https:\/\/portaldeyoung.uy\/wp-content\/uploads\/2026\/03\/fixture-Polo.jpg\" class=\"advgb-image-slider-img\" alt=\"\" style=\"width:100%;height:auto\"\/><div class=\"advgb-image-slider-item-info\" style=\"justify-content:center;align-items:center\"><\/div><\/div><\/div><\/div>\n","protected":false},"excerpt":{"rendered":"<p>Se realiz\u00f3 el lanzamiento oficial del Torneo de Polo \u201cSemana Santa 2026\u201d, una propuesta deportiva de alto nivel que se desarrollar\u00e1 del 27 de marzo<\/p>\n","protected":false},"author":1,"featured_media":9443,"comment_status":"closed","ping_status":"open","sticky":false,"template":"","format":"standard","meta":{"advgb_blocks_editor_width":"","advgb_blocks_columns_visual_guide":"","footnotes":"","jetpack_publicize_message":"Se realiz\u00f3 el lanzamiento oficial del Torneo de Polo \u201cSemana Santa 2026\u201d, una propuesta deportiva de alto nivel que se desarrollar\u00e1 del 27 de marzo al 4 de abril y ...Lee la nota completa\ud83d\udc47","jetpack_publicize_feature_enabled":true,"jetpack_social_post_already_shared":false,"jetpack_social_options":{"image_generator_settings":{"template":"highway","default_image_id":0,"font":"","enabled":false},"version":2}},"categories":[5],"tags":[],"class_list":["post-9438","post","type-post","status-publish","format-standard","has-post-thumbnail","hentry","category-de-la-tribuna"],"author_meta":{"display_name":"Portal","author_link":"https:\/\/portaldeyoung.uy\/index.php\/author\/admin_port\/"},"featured_img":"https:\/\/portaldeyoung.uy\/wp-content\/uploads\/2026\/03\/Polo-en-Young-300x149.jpg","jetpack_publicize_connections":[],"coauthors":[],"tax_additional":{"categories":{"linked":["<a href=\"https:\/\/portaldeyoung.uy\/index.php\/category\/de-la-tribuna\/\" class=\"advgb-post-tax-term\">De la tribuna<\/a>"],"unlinked":["<span class=\"advgb-post-tax-term\">De la tribuna<\/span>"]}},"comment_count":"0","relative_dates":{"created":"Publicado 1 mes hace","modified":"Actualizado 1 mes hace"},"absolute_dates":{"created":"Publicado el marzo 25, 2026","modified":"Actualizado el marzo 26, 2026"},"absolute_dates_time":{"created":"Publicado el marzo 25, 2026 8:06 am","modified":"Actualizado el marzo 26, 2026 7:55 am"},"featured_img_caption":"","series_order":"","_links":{"self":[{"href":"https:\/\/portaldeyoung.uy\/index.php\/wp-json\/wp\/v2\/posts\/9438","targetHints":{"allow":["GET"]}}],"collection":[{"href":"https:\/\/portaldeyoung.uy\/index.php\/wp-json\/wp\/v2\/posts"}],"about":[{"href":"https:\/\/portaldeyoung.uy\/index.php\/wp-json\/wp\/v2\/types\/post"}],"author":[{"embeddable":true,"href":"https:\/\/portaldeyoung.uy\/index.php\/wp-json\/wp\/v2\/users\/1"}],"replies":[{"embeddable":true,"href":"https:\/\/portaldeyoung.uy\/index.php\/wp-json\/wp\/v2\/comments?post=9438"}],"version-history":[{"count":2,"href":"https:\/\/portaldeyoung.uy\/index.php\/wp-json\/wp\/v2\/posts\/9438\/revisions"}],"predecessor-version":[{"id":9451,"href":"https:\/\/portaldeyoung.uy\/index.php\/wp-json\/wp\/v2\/posts\/9438\/revisions\/9451"}],"wp:featuredmedia":[{"embeddable":true,"href":"https:\/\/portaldeyoung.uy\/index.php\/wp-json\/wp\/v2\/media\/9443"}],"wp:attachment":[{"href":"https:\/\/portaldeyoung.uy\/index.php\/wp-json\/wp\/v2\/media?parent=9438"}],"wp:term":[{"taxonomy":"category","embeddable":true,"href":"https:\/\/portaldeyoung.uy\/index.php\/wp-json\/wp\/v2\/categories?post=9438"},{"taxonomy":"post_tag","embeddable":true,"href":"https:\/\/portaldeyoung.uy\/index.php\/wp-json\/wp\/v2\/tags?post=9438"}],"curies":[{"name":"wp","href":"https:\/\/api.w.org\/{rel}","templated":true}]}}