{"id":9431,"date":"2026-03-25T07:27:52","date_gmt":"2026-03-25T10:27:52","guid":{"rendered":"https:\/\/portaldeyoung.uy\/?p=9431"},"modified":"2026-03-30T11:01:32","modified_gmt":"2026-03-30T14:01:32","slug":"semana-de-turismo-rio-negro-invita-a-vivir-experiencias-en-todo-el-departamento-2","status":"publish","type":"post","link":"https:\/\/portaldeyoung.uy\/index.php\/2026\/03\/25\/semana-de-turismo-rio-negro-invita-a-vivir-experiencias-en-todo-el-departamento-2\/","title":{"rendered":"Semana de Turismo: R\u00edo Negro invita a vivir experiencias en todo el departamento"},"content":{"rendered":"\n<h4 class=\"wp-block-heading\">En esta Semana de Turismo, R\u00edo Negro se posiciona como un destino que combina naturaleza, cultura, tradici\u00f3n y producci\u00f3n local, con propuestas distribuidas en distintas localidades del departamento, asegura la Intendencia departamental.<\/h4>\n\n\n\n<p>Entre las actividades destacadas se encuentran el tradicional Torneo de Polo en Young, la Fiesta del Girasol en San Javier y el festival \u201cEntre Islas, Sabores y Fogones\u201d en Nuevo Berl\u00edn, que integra paisaje y gastronom\u00eda. En Fray Bentos, la Semana Criolla vuelve a ser uno de los principales atractivos, convocando a familias y visitantes en torno a las tradiciones.<\/p>\n\n\n\n<p>La agenda incluye adem\u00e1s la Semana de Turismo en el Bioparque M\u2019Bopicu\u00e1, del 28 de marzo al 5 de abril, con dos salidas diarias, promoviendo el conocimiento y la valorizaci\u00f3n de la flora y fauna nativa.<\/p>\n\n\n\n<p>A estas propuestas se suman los principales destinos naturales del departamento, como Las Ca\u00f1as, Puerto Viejo y Paso de las Piedras, as\u00ed como actividades culturales como la apertura con entrada libre del Museo de la Revoluci\u00f3n Industrial durante lunes y martes de Turismo.<\/p>\n\n\n\n<p>Desde la Intendencia de R\u00edo Negro se invita a recorrer el departamento y disfrutar de una agenda que pone en valor la identidad local y genera oportunidades a trav\u00e9s del turismo.<\/p>\n\n\n\n<p>\ud835\udc00\ud835\udc1c\ud835\udc2d\ud835\udc22\ud835\udc2f\ud835\udc22\ud835\udc1d\ud835\udc1a\ud835\udc1d\ud835\udc1e\ud835\udc2c:<\/p>\n\n\n\n<p><img loading=\"lazy\" decoding=\"async\" height=\"16\" width=\"16\" alt=\"\ud83d\udccc\" src=\"https:\/\/static.xx.fbcdn.net\/images\/emoji.php\/v9\/tac\/1\/16\/1f4cc.png\"> 27 de marzo al 4 de abril \u2013 Young<\/p>\n\n\n\n<p>Torneo de Polo en el R\u00edo Negro Polo Club.<\/p>\n\n\n\n<p><img loading=\"lazy\" decoding=\"async\" height=\"16\" width=\"16\" alt=\"\ud83d\udccc\" src=\"https:\/\/static.xx.fbcdn.net\/images\/emoji.php\/v9\/tac\/1\/16\/1f4cc.png\"> 28 de marzo al 5 de abril \u2013 Fray Bentos<\/p>\n\n\n\n<p>Semana de Turismo en el Bioparque M\u2019Bopicu\u00e1.<\/p>\n\n\n\n<p><img loading=\"lazy\" decoding=\"async\" height=\"16\" width=\"16\" alt=\"\ud83d\udccc\" src=\"https:\/\/static.xx.fbcdn.net\/images\/emoji.php\/v9\/tac\/1\/16\/1f4cc.png\"> 28 de marzo al 5 de abril \u2013 Fray Bentos<\/p>\n\n\n\n<p>Semana Criolla en Sociedad Nativista El Rinc\u00f3n.<\/p>\n\n\n\n<p><img loading=\"lazy\" decoding=\"async\" height=\"16\" width=\"16\" alt=\"\ud83d\udccc\" src=\"https:\/\/static.xx.fbcdn.net\/images\/emoji.php\/v9\/tac\/1\/16\/1f4cc.png\"> 28 de marzo \u2013 Nuevo Berl\u00edn<\/p>\n\n\n\n<p>Entre Islas, Sabores y Fogones.<\/p>\n\n\n\n<p><img loading=\"lazy\" decoding=\"async\" height=\"16\" width=\"16\" alt=\"\ud83d\udccc\" src=\"https:\/\/static.xx.fbcdn.net\/images\/emoji.php\/v9\/tac\/1\/16\/1f4cc.png\"> 28 de marzo \u2013 Balneario Las Ca\u00f1as<\/p>\n\n\n\n<p>20:30 h \u2013 Correcaminata nocturna. 7K individual y 3K participativa.<\/p>\n\n\n\n<p>Organiza: Tria Iron Eventos Deportivos.<\/p>\n\n\n\n<p><img loading=\"lazy\" decoding=\"async\" height=\"16\" width=\"16\" alt=\"\ud83d\udccc\" src=\"https:\/\/static.xx.fbcdn.net\/images\/emoji.php\/v9\/tac\/1\/16\/1f4cc.png\"> 29 de marzo \u2013 Nuevo Berl\u00edn<\/p>\n\n\n\n<p>08:30 h \u2013 Largada de la Vuelta Ciclista del Uruguay.<\/p>\n\n\n\n<p>Lugar: letras volum\u00e9tricas.<\/p>\n\n\n\n<p><img loading=\"lazy\" decoding=\"async\" height=\"16\" width=\"16\" alt=\"\ud83d\udccc\" src=\"https:\/\/static.xx.fbcdn.net\/images\/emoji.php\/v9\/tac\/1\/16\/1f4cc.png\"> 30 y 31 de marzo \u2013 Fray Bentos<\/p>\n\n\n\n<p>Museo de la Revoluci\u00f3n Industrial con entrada libre.<\/p>\n\n\n\n<p><img loading=\"lazy\" decoding=\"async\" height=\"16\" width=\"16\" alt=\"\ud83d\udccc\" src=\"https:\/\/static.xx.fbcdn.net\/images\/emoji.php\/v9\/tac\/1\/16\/1f4cc.png\"> 3 al 5 de abril \u2013 Balneario Las Ca\u00f1as<\/p>\n\n\n\n<p>Encuentro de Mujeres Rurales \u201cSembradoras, del campo al r\u00edo\u201d.<\/p>\n\n\n\n<p>Expoventa en Terrazas de EcoSuper.<\/p>\n\n\n\n<p>Organiza: EcoSuper.<\/p>\n\n\n\n<p><img loading=\"lazy\" decoding=\"async\" height=\"16\" width=\"16\" alt=\"\ud83d\udccc\" src=\"https:\/\/static.xx.fbcdn.net\/images\/emoji.php\/v9\/tac\/1\/16\/1f4cc.png\"> 4 de abril \u2013 San Javier<\/p>\n\n\n\n<p>Fiesta del Girasol.<\/p>\n\n\n\n<p><img loading=\"lazy\" decoding=\"async\" height=\"16\" width=\"16\" alt=\"\ud83d\udccc\" src=\"https:\/\/static.xx.fbcdn.net\/images\/emoji.php\/v9\/tac\/1\/16\/1f4cc.png\"> 4 de abril \u2013 Balneario Las Ca\u00f1as<\/p>\n\n\n\n<p>Campeonato de Ternas.<\/p>\n\n\n\n<p>Organiza: Liga Departamental de Bochas de R\u00edo Negro.<\/p>\n\n\n\n<p><img loading=\"lazy\" decoding=\"async\" height=\"16\" width=\"16\" alt=\"\ud83d\udccc\" src=\"https:\/\/static.xx.fbcdn.net\/images\/emoji.php\/v9\/tac\/1\/16\/1f4cc.png\"> 4 de abril \u2013 Fray Bentos (Barrio Anglo)<\/p>\n\n\n\n<p>B\u00fasqueda del tesoro.<\/p>\n\n\n\n<p>Organiza: Port\u00f3n 2.<\/p>\n\n\n\n<p><img loading=\"lazy\" decoding=\"async\" height=\"16\" width=\"16\" alt=\"\ud83d\udccc\" src=\"https:\/\/static.xx.fbcdn.net\/images\/emoji.php\/v9\/tac\/1\/16\/1f4cc.png\"> 5 de abril \u2013 Puerto Viejo (San Javier)<\/p>\n\n\n\n<p>08:00 h \u2013 Pesca de la boga \u201cUna sola orilla\u201d.<\/p>\n","protected":false},"excerpt":{"rendered":"<p>En esta Semana de Turismo, R\u00edo Negro se posiciona como un destino que combina naturaleza, cultura, tradici\u00f3n y producci\u00f3n local, con propuestas distribuidas en distintas<\/p>\n","protected":false},"author":1,"featured_media":9432,"comment_status":"closed","ping_status":"open","sticky":false,"template":"","format":"standard","meta":{"advgb_blocks_editor_width":"","advgb_blocks_columns_visual_guide":"","footnotes":"","jetpack_publicize_message":"Entre las actividades destacadas se encuentran el tradicional Torneo de Polo en Young, la Fiesta del Girasol en San Javier y el festival \u201cEntre Islas, Sabores y Fogones\u201d en Nuevo ...Lee la nota completa\ud83d\udc47","jetpack_publicize_feature_enabled":true,"jetpack_social_post_already_shared":false,"jetpack_social_options":{"image_generator_settings":{"template":"highway","default_image_id":0,"font":"","enabled":false},"version":2}},"categories":[29],"tags":[],"class_list":["post-9431","post","type-post","status-publish","format-standard","has-post-thumbnail","hentry","category-del-territorio"],"author_meta":{"display_name":"Portal","author_link":"https:\/\/portaldeyoung.uy\/index.php\/author\/admin_port\/"},"featured_img":"https:\/\/portaldeyoung.uy\/wp-content\/uploads\/2026\/03\/turismo-rio-negro-300x169.jpeg","jetpack_publicize_connections":[],"coauthors":[],"tax_additional":{"categories":{"linked":["<a href=\"https:\/\/portaldeyoung.uy\/index.php\/category\/del-territorio\/\" class=\"advgb-post-tax-term\">Del territorio<\/a>"],"unlinked":["<span class=\"advgb-post-tax-term\">Del territorio<\/span>"]}},"comment_count":"0","relative_dates":{"created":"Publicado 1 mes hace","modified":"Actualizado 1 mes hace"},"absolute_dates":{"created":"Publicado el marzo 25, 2026","modified":"Actualizado el marzo 30, 2026"},"absolute_dates_time":{"created":"Publicado el marzo 25, 2026 7:27 am","modified":"Actualizado el marzo 30, 2026 11:01 am"},"featured_img_caption":"","series_order":"","_links":{"self":[{"href":"https:\/\/portaldeyoung.uy\/index.php\/wp-json\/wp\/v2\/posts\/9431","targetHints":{"allow":["GET"]}}],"collection":[{"href":"https:\/\/portaldeyoung.uy\/index.php\/wp-json\/wp\/v2\/posts"}],"about":[{"href":"https:\/\/portaldeyoung.uy\/index.php\/wp-json\/wp\/v2\/types\/post"}],"author":[{"embeddable":true,"href":"https:\/\/portaldeyoung.uy\/index.php\/wp-json\/wp\/v2\/users\/1"}],"replies":[{"embeddable":true,"href":"https:\/\/portaldeyoung.uy\/index.php\/wp-json\/wp\/v2\/comments?post=9431"}],"version-history":[{"count":2,"href":"https:\/\/portaldeyoung.uy\/index.php\/wp-json\/wp\/v2\/posts\/9431\/revisions"}],"predecessor-version":[{"id":9454,"href":"https:\/\/portaldeyoung.uy\/index.php\/wp-json\/wp\/v2\/posts\/9431\/revisions\/9454"}],"wp:featuredmedia":[{"embeddable":true,"href":"https:\/\/portaldeyoung.uy\/index.php\/wp-json\/wp\/v2\/media\/9432"}],"wp:attachment":[{"href":"https:\/\/portaldeyoung.uy\/index.php\/wp-json\/wp\/v2\/media?parent=9431"}],"wp:term":[{"taxonomy":"category","embeddable":true,"href":"https:\/\/portaldeyoung.uy\/index.php\/wp-json\/wp\/v2\/categories?post=9431"},{"taxonomy":"post_tag","embeddable":true,"href":"https:\/\/portaldeyoung.uy\/index.php\/wp-json\/wp\/v2\/tags?post=9431"}],"curies":[{"name":"wp","href":"https:\/\/api.w.org\/{rel}","templated":true}]}}