{"id":9425,"date":"2026-03-25T07:21:29","date_gmt":"2026-03-25T10:21:29","guid":{"rendered":"https:\/\/portaldeyoung.uy\/?p=9425"},"modified":"2026-03-25T07:21:31","modified_gmt":"2026-03-25T10:21:31","slug":"directora-nacional-de-aguas-dijo-que-hay-instalaciones-prontas-para-usar-en-caso-de-que-la-sequia-se-profundice","status":"publish","type":"post","link":"https:\/\/portaldeyoung.uy\/index.php\/2026\/03\/25\/directora-nacional-de-aguas-dijo-que-hay-instalaciones-prontas-para-usar-en-caso-de-que-la-sequia-se-profundice\/","title":{"rendered":"Directora Nacional de Aguas dijo que hay \u00abinstalaciones prontas para usar\u00bb en caso de que la sequ\u00eda se profundice"},"content":{"rendered":"\n<p>\u00abSe prev\u00e9 que no se tengan que usar, porque si bien Inumet no est\u00e1 haciendo pron\u00f3sticos a muy largo plazo, porque estamos en fase neutra, se prev\u00e9 que para mayo pueda estar revirtiendo\u00bb, asegur\u00f3 Sastre.<\/p>\n\n\n\n<p>Las lluvias del fin de semana a\u00fan no fueron suficientes para la zona sur, seg\u00fan el relevamiento de la Direcci\u00f3n Nacional de Aguas. Desde el <strong>Ministerio de Ambiente<\/strong> se monitorea la situaci\u00f3n y se realizan recomendaciones para el cuidado del agua ante la <strong>sequ\u00eda<\/strong>.<\/p>\n\n\n\n<p>\u00abTenemos que lograr que las reservas se estabilicen y que el suelo llene sus poros y haya un contenido de agua suficiente para estabilizar la producci\u00f3n\u00bb, dijo Teresa Sastre, directora Nacional de Aguas.<\/p>\n\n\n\n<p>\u00abEn este momento tenemos como un estado de d\u00e9ficit h\u00eddrico en el sur del pa\u00eds, la zona metropolitana entr\u00f3 en su estado de excepcionalidad. Eso significa que las reservas est\u00e1n a un 50%, tanto Paso Severino como Canel\u00f3n Grande. Eso significa dejar instalaciones prontas para que en el caso de tener que usarlas, no perder tiempo en ponerlas a punto. Se prev\u00e9 que no se tengan que usar, porque si bien Inumet no est\u00e1 haciendo pron\u00f3sticos a muy largo plazo, porque estamos en fase neutra, se prev\u00e9 que para mayo pueda estar revirtiendo\u00bb, asegur\u00f3 Sastre.<\/p>\n\n\n\n<p>El Ministerio de Ambiente lanza una campa\u00f1a orientada a la semana de turismo para el cuidado del agua, de la flora y la fauna, solicitando colaboraci\u00f3n a la poblaci\u00f3n.<\/p>\n\n\n\n<p>La directora de Biodiversidad, Ver\u00f3nica Pi\u00f1eiro, explic\u00f3 que se busca que la poblaci\u00f3n \u00absea respetuosa de la fauna silvestre, de la vegetaci\u00f3n y que disfrute de esos espacios y esas vistas dej\u00e1ndolas para el pr\u00f3ximo\u00bb. Trabajan en coordinaci\u00f3n con Seguridad Rural y Prefectura para controlar la caza.<\/p>\n\n\n\n<p>Estas declaraciones se realizaron en el marco del conversatorio \u00abEl agua y la igualdad de g\u00e9nero\u00bb organizado por Alianza uruguaya por el agua, el Banco Interamericano de Desarrollo y Ministerio de Ambiente.<\/p>\n\n\n\n<p>\u00abSobre todo a nivel rural vemos mucho el trabajo de las mujeres en zonas rurales, con agua, en reservaci\u00f3n, en restauraci\u00f3n. La mujer es un pilar fundamental que se precisa y que se necesita priorizarla y darle su lugar en todo esto que es el agua que es la importancia que tenemos que tener todos\u00bb, dijo Mauro de Vega, director de Alianza uruguaya por al agua.<\/p>\n\n\n\n<p><em>*Subrayado<\/em><\/p>\n","protected":false},"excerpt":{"rendered":"<p>\u00abSe prev\u00e9 que no se tengan que usar, porque si bien Inumet no est\u00e1 haciendo pron\u00f3sticos a muy largo plazo, porque estamos en fase neutra,<\/p>\n","protected":false},"author":1,"featured_media":9426,"comment_status":"closed","ping_status":"open","sticky":false,"template":"","format":"standard","meta":{"advgb_blocks_editor_width":"","advgb_blocks_columns_visual_guide":"","footnotes":"","jetpack_publicize_message":"\"Se prev\u00e9 que no se tengan que usar, porque si bien Inumet no est\u00e1 haciendo pron\u00f3sticos a muy largo plazo, porque estamos en fase ...Lee la nota completa\ud83d\udc47","jetpack_publicize_feature_enabled":true,"jetpack_social_post_already_shared":false,"jetpack_social_options":{"image_generator_settings":{"template":"highway","default_image_id":0,"font":"","enabled":false},"version":2}},"categories":[7],"tags":[],"class_list":["post-9425","post","type-post","status-publish","format-standard","has-post-thumbnail","hentry","category-del-pais"],"author_meta":{"display_name":"Portal","author_link":"https:\/\/portaldeyoung.uy\/index.php\/author\/admin_port\/"},"featured_img":"https:\/\/portaldeyoung.uy\/wp-content\/uploads\/2026\/03\/represa-300x194.png","jetpack_publicize_connections":[],"coauthors":[],"tax_additional":{"categories":{"linked":["<a href=\"https:\/\/portaldeyoung.uy\/index.php\/category\/del-pais\/\" class=\"advgb-post-tax-term\">Del pa\u00eds<\/a>"],"unlinked":["<span class=\"advgb-post-tax-term\">Del pa\u00eds<\/span>"]}},"comment_count":"0","relative_dates":{"created":"Publicado 1 mes hace","modified":"Actualizado 1 mes hace"},"absolute_dates":{"created":"Publicado el marzo 25, 2026","modified":"Actualizado el marzo 25, 2026"},"absolute_dates_time":{"created":"Publicado el marzo 25, 2026 7:21 am","modified":"Actualizado el marzo 25, 2026 7:21 am"},"featured_img_caption":"","series_order":"","_links":{"self":[{"href":"https:\/\/portaldeyoung.uy\/index.php\/wp-json\/wp\/v2\/posts\/9425","targetHints":{"allow":["GET"]}}],"collection":[{"href":"https:\/\/portaldeyoung.uy\/index.php\/wp-json\/wp\/v2\/posts"}],"about":[{"href":"https:\/\/portaldeyoung.uy\/index.php\/wp-json\/wp\/v2\/types\/post"}],"author":[{"embeddable":true,"href":"https:\/\/portaldeyoung.uy\/index.php\/wp-json\/wp\/v2\/users\/1"}],"replies":[{"embeddable":true,"href":"https:\/\/portaldeyoung.uy\/index.php\/wp-json\/wp\/v2\/comments?post=9425"}],"version-history":[{"count":1,"href":"https:\/\/portaldeyoung.uy\/index.php\/wp-json\/wp\/v2\/posts\/9425\/revisions"}],"predecessor-version":[{"id":9427,"href":"https:\/\/portaldeyoung.uy\/index.php\/wp-json\/wp\/v2\/posts\/9425\/revisions\/9427"}],"wp:featuredmedia":[{"embeddable":true,"href":"https:\/\/portaldeyoung.uy\/index.php\/wp-json\/wp\/v2\/media\/9426"}],"wp:attachment":[{"href":"https:\/\/portaldeyoung.uy\/index.php\/wp-json\/wp\/v2\/media?parent=9425"}],"wp:term":[{"taxonomy":"category","embeddable":true,"href":"https:\/\/portaldeyoung.uy\/index.php\/wp-json\/wp\/v2\/categories?post=9425"},{"taxonomy":"post_tag","embeddable":true,"href":"https:\/\/portaldeyoung.uy\/index.php\/wp-json\/wp\/v2\/tags?post=9425"}],"curies":[{"name":"wp","href":"https:\/\/api.w.org\/{rel}","templated":true}]}}