{"id":9419,"date":"2026-03-25T07:06:19","date_gmt":"2026-03-25T10:06:19","guid":{"rendered":"https:\/\/portaldeyoung.uy\/?p=9419"},"modified":"2026-03-25T07:06:22","modified_gmt":"2026-03-25T10:06:22","slug":"paysandu-inauguro-residencia-universitaria","status":"publish","type":"post","link":"https:\/\/portaldeyoung.uy\/index.php\/2026\/03\/25\/paysandu-inauguro-residencia-universitaria\/","title":{"rendered":"Paysand\u00fa inaugur\u00f3 Residencia Universitaria"},"content":{"rendered":"\n<p>Paysand\u00fa dio un paso firme en su consolidaci\u00f3n como ciudad universitaria con la inauguraci\u00f3n de la Residencia Universitaria de Paysand\u00fa (RUP), una obra de alto impacto que no solo ampl\u00eda oportunidades educativas sino que tambi\u00e9n redefine las condiciones en las que cientos de j\u00f3venes del interior del departamento y de todo el pa\u00eds podr\u00e1n construir su futuro.<\/p>\n\n\n\n<p>La ceremonia, cargada de simbolismo, reuni\u00f3 a autoridades nacionales, departamentales y locales encabezadas por el intendente Nicol\u00e1s Olivera, acompa\u00f1ado por la secretaria general Gabriela G\u00f3mez Indarte; el ministro interino de Medio Ambiente, Oscar Caputi, y el rector de la Universidad de la Rep\u00fablica, H\u00e9ctor Cancela. Tambi\u00e9n estuvieron presentes los intendentes de Tacuaremb\u00f3 y R\u00edo Negro, Wilson Ezquerra y Guillermo Levratto, junto a los diputados por Paysand\u00fa Juan Gorosterraz\u00fa, Ferm\u00edn Farinha y Walter Verri, la presidenta de la Junta Departamental Valeria Alonzo, as\u00ed como representantes de la Oficina de Planeamiento y Presupuesto, autoridades educativas, ediles, estudiantes, vecinos y actores sociales del departamento, reflejando la dimensi\u00f3n nacional del proyecto. Con una inversi\u00f3n superior a los 6 millones de d\u00f3lares y m\u00e1s de 3.000 metros cuadrados construidos, la residencia ofrece capacidad para 140 estudiantes en un complejo que combina un edificio moderno de cinco niveles con la recuperaci\u00f3n de un espacio patrimonial emblem\u00e1tico, el antiguo galp\u00f3n de la exposici\u00f3n de 1964, hoy reconvertido en \u00e1rea de servicios, recreaci\u00f3n y administraci\u00f3n.<\/p>\n\n\n\n<p>\u201cM\u00e1s all\u00e1 de sus dimensiones y caracter\u00edsticas t\u00e9cnicas, el eje del proyecto est\u00e1 en las personas\u201d. As\u00ed lo expres\u00f3 la directora de Promoci\u00f3n Social, Guadalupe Caballero, quien puso el acento en el sentido profundo de la obra. \u201cBienvenidos a la Residencia Estudiantil, bienvenidos al Paysand\u00fa Universitario\u201d, dijo.<br>Caballero destac\u00f3 que la ciudad ya es elegida por miles de estudiantes de todo el pa\u00eds. \u201cEstamos en 11.000 estudiantes que han venido de distintos puntos del pa\u00eds y eligieron a Paysand\u00fa\u201d, afirm\u00f3. Esa cifra se compone de unos 7.000 estudiantes vinculados a la Universidad de la Rep\u00fablica, alrededor de 1.600 del Instituto de Formaci\u00f3n Docente, otros 1.600 de UTU distribuidos en distintos n\u00facleos y cerca de 800 que cursan en UTEC. En ese contexto, la residencia aparece como una respuesta concreta a una necesidad real, la de alojar, acompa\u00f1ar y contener. \u201cNo es un simple alojamiento, es una residencia sanducera con gente preparada para acompa\u00f1ar a los estudiantes\u201d, subray\u00f3, poniendo en valor el equipo humano que estar\u00e1 presente en el d\u00eda a d\u00eda, no solo en la gesti\u00f3n, sino tambi\u00e9n en el apoyo emocional y acad\u00e9mico.<br>La propuesta, adem\u00e1s, incorpora una mirada inclusiva que trasciende lo arquitect\u00f3nico. \u201cEs inclusiva no solo en lo arquitect\u00f3nico, sino tambi\u00e9n en lo intelectual\u201d, se\u00f1al\u00f3, destacando el trabajo con estudiantes que requieren acompa\u00f1amientos espec\u00edficos, lo que posiciona a la residencia como un espacio de integraci\u00f3n real.<\/p>\n\n\n\n<p>La calidad de la infraestructura no pas\u00f3 desapercibida para quienes ya comenzaron a habitarla.<br>\u201cUn estudiante escribi\u00f3: \u2018residencia universitaria, hotel 5 estrellas\u2019\u201d, relat\u00f3 Caballero, reflejando el impacto inmediato que genera el entorno en los j\u00f3venes que llegan desde distintos puntos del pa\u00eds.<br>Actualmente, la residencia aloja a 70 estudiantes y continuar\u00e1 completando sus 140 cupos a medida que avance el calendario acad\u00e9mico.<\/p>\n\n\n\n<h3 class=\"wp-block-heading\">COMO EN CASA<\/h3>\n\n\n\n<p>Desde el punto de vista t\u00e9cnico y conceptual, Diego Belvisi, subdirector de Obras, destac\u00f3 que el objetivo central fue recrear un ambiente que no resulte ajeno para quienes deben dejar su hogar. \u201cLo que tratamos de hacer es que este lugar cada uno de los residentes lo sienta como su casa\u201d, afirm\u00f3, subrayando que las condiciones de confort, funcionalidad y calidad est\u00e1n pensadas para favorecer el rendimiento acad\u00e9mico.<\/p>\n\n\n\n<p>El proyecto, adem\u00e1s, incorpora tecnolog\u00eda de \u00faltima generaci\u00f3n en climatizaci\u00f3n, conectividad, seguridad y eficiencia energ\u00e9tica, con criterios de sostenibilidad que lo posicionan como una infraestructura moderna y alineada con los desaf\u00edos actuales.<\/p>\n\n\n\n<p>Belvisi tambi\u00e9n puso \u00e9nfasis en el proceso colectivo que hizo posible la obra, destacando la articulaci\u00f3n entre equipos t\u00e9cnicos, organismos y empresas. En ese sentido, valor\u00f3 el significado m\u00e1s amplio del proyecto. \u201cDemuestra que Paysand\u00fa es capaz de encontrar oportunidades donde otros ven dificultades\u201d.<br>La residencia se inserta en un proceso m\u00e1s amplio de transformaci\u00f3n de la ciudad, que en los \u00faltimos a\u00f1os ha fortalecido su perfil universitario a partir de la presencia de instituciones como UdelaR, UTEC, UTU y el Instituto de Formaci\u00f3n Docente.<\/p>\n\n\n\n<p>En ese escenario, la disponibilidad de un espacio de estas caracter\u00edsticas no solo mejora las condiciones de estudio, sino que tambi\u00e9n reduce barreras de acceso para j\u00f3venes del interior profundo.<\/p>\n\n\n\n<p>El impacto, por tanto, \u201cno es \u00fanicamente individual, sino tambi\u00e9n colectivo. Cada estudiante que accede a esta residencia encuentra una oportunidad, pero al mismo tiempo se fortalece un modelo de desarrollo que apuesta a la descentralizaci\u00f3n y a la igualdad de oportunidades\u201d.En definitiva, \u201cla Residencia Universitaria de Paysand\u00fa no es solo un lugar para vivir, es un espacio donde comienzan proyectarse de vida\u00bb.<\/p>\n","protected":false},"excerpt":{"rendered":"<p>Paysand\u00fa dio un paso firme en su consolidaci\u00f3n como ciudad universitaria con la inauguraci\u00f3n de la Residencia Universitaria de Paysand\u00fa (RUP), una obra de alto<\/p>\n","protected":false},"author":1,"featured_media":6879,"comment_status":"closed","ping_status":"open","sticky":false,"template":"","format":"standard","meta":{"advgb_blocks_editor_width":"","advgb_blocks_columns_visual_guide":"","footnotes":"","jetpack_publicize_message":"Una obra de alto impacto que no solo ampl\u00eda oportunidades educativas sino que tambi\u00e9n redefine las condiciones en ...Lee la nota completa\ud83d\udc47","jetpack_publicize_feature_enabled":true,"jetpack_social_post_already_shared":false,"jetpack_social_options":{"image_generator_settings":{"template":"highway","default_image_id":0,"font":"","enabled":false},"version":2}},"categories":[7],"tags":[],"class_list":["post-9419","post","type-post","status-publish","format-standard","has-post-thumbnail","hentry","category-del-pais"],"author_meta":{"display_name":"Portal","author_link":"https:\/\/portaldeyoung.uy\/index.php\/author\/admin_port\/"},"featured_img":"https:\/\/portaldeyoung.uy\/wp-content\/uploads\/2025\/12\/residencia-estudiantil-paysandu-00-300x150.png","jetpack_publicize_connections":[],"coauthors":[],"tax_additional":{"categories":{"linked":["<a href=\"https:\/\/portaldeyoung.uy\/index.php\/category\/del-pais\/\" class=\"advgb-post-tax-term\">Del pa\u00eds<\/a>"],"unlinked":["<span class=\"advgb-post-tax-term\">Del pa\u00eds<\/span>"]}},"comment_count":"0","relative_dates":{"created":"Publicado 1 mes hace","modified":"Actualizado 1 mes hace"},"absolute_dates":{"created":"Publicado el marzo 25, 2026","modified":"Actualizado el marzo 25, 2026"},"absolute_dates_time":{"created":"Publicado el marzo 25, 2026 7:06 am","modified":"Actualizado el marzo 25, 2026 7:06 am"},"featured_img_caption":"","series_order":"","_links":{"self":[{"href":"https:\/\/portaldeyoung.uy\/index.php\/wp-json\/wp\/v2\/posts\/9419","targetHints":{"allow":["GET"]}}],"collection":[{"href":"https:\/\/portaldeyoung.uy\/index.php\/wp-json\/wp\/v2\/posts"}],"about":[{"href":"https:\/\/portaldeyoung.uy\/index.php\/wp-json\/wp\/v2\/types\/post"}],"author":[{"embeddable":true,"href":"https:\/\/portaldeyoung.uy\/index.php\/wp-json\/wp\/v2\/users\/1"}],"replies":[{"embeddable":true,"href":"https:\/\/portaldeyoung.uy\/index.php\/wp-json\/wp\/v2\/comments?post=9419"}],"version-history":[{"count":1,"href":"https:\/\/portaldeyoung.uy\/index.php\/wp-json\/wp\/v2\/posts\/9419\/revisions"}],"predecessor-version":[{"id":9420,"href":"https:\/\/portaldeyoung.uy\/index.php\/wp-json\/wp\/v2\/posts\/9419\/revisions\/9420"}],"wp:featuredmedia":[{"embeddable":true,"href":"https:\/\/portaldeyoung.uy\/index.php\/wp-json\/wp\/v2\/media\/6879"}],"wp:attachment":[{"href":"https:\/\/portaldeyoung.uy\/index.php\/wp-json\/wp\/v2\/media?parent=9419"}],"wp:term":[{"taxonomy":"category","embeddable":true,"href":"https:\/\/portaldeyoung.uy\/index.php\/wp-json\/wp\/v2\/categories?post=9419"},{"taxonomy":"post_tag","embeddable":true,"href":"https:\/\/portaldeyoung.uy\/index.php\/wp-json\/wp\/v2\/tags?post=9419"}],"curies":[{"name":"wp","href":"https:\/\/api.w.org\/{rel}","templated":true}]}}