{"id":9415,"date":"2026-03-24T15:49:27","date_gmt":"2026-03-24T18:49:27","guid":{"rendered":"https:\/\/portaldeyoung.uy\/?p=9415"},"modified":"2026-03-27T11:01:42","modified_gmt":"2026-03-27T14:01:42","slug":"dos-jovenes-desaparecidos-desde-el-pasado-sabado-uno-domiciliado-en-young","status":"publish","type":"post","link":"https:\/\/portaldeyoung.uy\/index.php\/2026\/03\/24\/dos-jovenes-desaparecidos-desde-el-pasado-sabado-uno-domiciliado-en-young\/","title":{"rendered":"Dos j\u00f3venes desaparecidos desde el pasado s\u00e1bado, uno domiciliado en Young"},"content":{"rendered":"\n<p>Se busca a dos j\u00f3venes de los que no se tiene informaci\u00f3n sobre su paradero desde el pasado s\u00e1bado 21 de marzo.<\/p>\n\n\n\n<p>Se trata de \u00c1ngel Hudec, domiciliado en Young, y de su amigo Agust\u00edn Su\u00e1rez, residente en Maldonado, quien se encontraba de visita en esa ciudad. Ambos fueron vistos por \u00faltima vez sobre las 17:00 horas en la terminal de \u00f3mnibus de Young, desde donde ten\u00edan previsto viajar hacia la ciudad de San Carlos, en el departamento de Maldonado.<\/p>\n\n\n\n<p>Al momento de su desaparici\u00f3n, \u00c1ngel Hudec vest\u00eda campera negra, pantal\u00f3n deportivo negro, championes negro con blanco marca Nike y un gorro de visera verde con el dibujo de un toro. Por el momento, no se dispone de informaci\u00f3n sobre la vestimenta de Agust\u00edn Su\u00e1rez.<\/p>\n\n\n\n<p>Se solicita a la poblaci\u00f3n que, ante cualquier dato que pueda contribuir a dar con el paradero de los j\u00f3venes, se comunique de inmediato al servicio de emergencias 911 o a la Seccional policial m\u00e1s cercana.<\/p>\n","protected":false},"excerpt":{"rendered":"<p>Se busca a dos j\u00f3venes de los que no se tiene informaci\u00f3n sobre su paradero desde el pasado s\u00e1bado 21 de marzo. Se trata de<\/p>\n","protected":false},"author":1,"featured_media":9416,"comment_status":"closed","ping_status":"open","sticky":false,"template":"","format":"standard","meta":{"advgb_blocks_editor_width":"","advgb_blocks_columns_visual_guide":"","footnotes":"","jetpack_publicize_message":"Se busca a dos j\u00f3venes de los que no se tiene informaci\u00f3n sobre su paradero desde el pasado s\u00e1bado 21 de marzo...Lee la nota completa\ud83d\udc47","jetpack_publicize_feature_enabled":true,"jetpack_social_post_already_shared":false,"jetpack_social_options":{"image_generator_settings":{"template":"highway","default_image_id":0,"font":"","enabled":false},"version":2}},"categories":[28],"tags":[],"class_list":["post-9415","post","type-post","status-publish","format-standard","has-post-thumbnail","hentry","category-de-la-ciudad"],"author_meta":{"display_name":"Portal","author_link":"https:\/\/portaldeyoung.uy\/index.php\/author\/admin_port\/"},"featured_img":"https:\/\/portaldeyoung.uy\/wp-content\/uploads\/2026\/03\/jovenes-ausentes-300x170.png","jetpack_publicize_connections":[],"coauthors":[],"tax_additional":{"categories":{"linked":["<a href=\"https:\/\/portaldeyoung.uy\/index.php\/category\/de-la-ciudad\/\" class=\"advgb-post-tax-term\">De la ciudad<\/a>"],"unlinked":["<span class=\"advgb-post-tax-term\">De la ciudad<\/span>"]}},"comment_count":"0","relative_dates":{"created":"Publicado 1 mes hace","modified":"Actualizado 1 mes hace"},"absolute_dates":{"created":"Publicado el marzo 24, 2026","modified":"Actualizado el marzo 27, 2026"},"absolute_dates_time":{"created":"Publicado el marzo 24, 2026 3:49 pm","modified":"Actualizado el marzo 27, 2026 11:01 am"},"featured_img_caption":"","series_order":"","_links":{"self":[{"href":"https:\/\/portaldeyoung.uy\/index.php\/wp-json\/wp\/v2\/posts\/9415","targetHints":{"allow":["GET"]}}],"collection":[{"href":"https:\/\/portaldeyoung.uy\/index.php\/wp-json\/wp\/v2\/posts"}],"about":[{"href":"https:\/\/portaldeyoung.uy\/index.php\/wp-json\/wp\/v2\/types\/post"}],"author":[{"embeddable":true,"href":"https:\/\/portaldeyoung.uy\/index.php\/wp-json\/wp\/v2\/users\/1"}],"replies":[{"embeddable":true,"href":"https:\/\/portaldeyoung.uy\/index.php\/wp-json\/wp\/v2\/comments?post=9415"}],"version-history":[{"count":1,"href":"https:\/\/portaldeyoung.uy\/index.php\/wp-json\/wp\/v2\/posts\/9415\/revisions"}],"predecessor-version":[{"id":9417,"href":"https:\/\/portaldeyoung.uy\/index.php\/wp-json\/wp\/v2\/posts\/9415\/revisions\/9417"}],"wp:featuredmedia":[{"embeddable":true,"href":"https:\/\/portaldeyoung.uy\/index.php\/wp-json\/wp\/v2\/media\/9416"}],"wp:attachment":[{"href":"https:\/\/portaldeyoung.uy\/index.php\/wp-json\/wp\/v2\/media?parent=9415"}],"wp:term":[{"taxonomy":"category","embeddable":true,"href":"https:\/\/portaldeyoung.uy\/index.php\/wp-json\/wp\/v2\/categories?post=9415"},{"taxonomy":"post_tag","embeddable":true,"href":"https:\/\/portaldeyoung.uy\/index.php\/wp-json\/wp\/v2\/tags?post=9415"}],"curies":[{"name":"wp","href":"https:\/\/api.w.org\/{rel}","templated":true}]}}