{"id":9413,"date":"2026-03-24T15:40:02","date_gmt":"2026-03-24T18:40:02","guid":{"rendered":"https:\/\/portaldeyoung.uy\/?p=9413"},"modified":"2026-03-27T11:01:51","modified_gmt":"2026-03-27T14:01:51","slug":"condenan-a-tres-adolescentes-por-vandalismo-de-volquetas-en-young","status":"publish","type":"post","link":"https:\/\/portaldeyoung.uy\/index.php\/2026\/03\/24\/condenan-a-tres-adolescentes-por-vandalismo-de-volquetas-en-young\/","title":{"rendered":"Condenan a tres adolescentes por vandalismo de volquetas en Young"},"content":{"rendered":"\n<p>La Justicia resolvi\u00f3 la condena de tres adolescentes implicados en hechos de vandalismo registrados durante el mes de febrero en la ciudad de Young, vinculados a da\u00f1os provocados en volquetas.<\/p>\n\n\n\n<p>De acuerdo a la informaci\u00f3n oficial, tras las actuaciones iniciadas a partir de las denuncias recibidas, se llev\u00f3 a cabo la audiencia correspondiente en el Juzgado Letrado de Primera Instancia de 2\u00ba Turno de la ciudad. En la misma, la jueza subrogante, Dra. Luc\u00eda Pi\u00f1eyro, dispuso la condena de los adolescentes identificados con las iniciales J.D.L.M., K.M.L.M. y B.M.S.S.<\/p>\n\n\n\n<p>Los j\u00f3venes fueron considerados autores responsables de una infracci\u00f3n grave a la ley penal, tipificada como un delito de da\u00f1o agravado.<\/p>\n\n\n\n<p>Como medida, se les impuso la aplicaci\u00f3n de sanciones socioeducativas por un per\u00edodo de tres meses. Entre ellas, deber\u00e1n concurrir a un centro de salud \u2014p\u00fablico o privado\u2014 para realizar tratamiento psicol\u00f3gico orientado a abordar su responsabilidad en los hechos y el manejo de impulsos.<\/p>\n\n\n\n<p>Asimismo, deber\u00e1n asistir al Ceprode del Instituto del Ni\u00f1o y Adolescente del Uruguay (INAU), organismo que determinar\u00e1 el programa socioeducativo correspondiente seg\u00fan el perfil de cada uno.<\/p>\n\n\n\n<p>Las autoridades destacaron la importancia de este tipo de medidas, que buscan no solo sancionar las conductas, sino tambi\u00e9n promover la rehabilitaci\u00f3n e inserci\u00f3n social de los adolescentes involucrados.<\/p>\n\n\n\n<p><em>*Imagen ilustrativa<\/em><\/p>\n","protected":false},"excerpt":{"rendered":"<p>La Justicia resolvi\u00f3 la condena de tres adolescentes implicados en hechos de vandalismo registrados durante el mes de febrero en la ciudad de Young, vinculados<\/p>\n","protected":false},"author":1,"featured_media":659,"comment_status":"closed","ping_status":"open","sticky":false,"template":"","format":"standard","meta":{"advgb_blocks_editor_width":"","advgb_blocks_columns_visual_guide":"","footnotes":"","jetpack_publicize_message":"La Justicia resolvi\u00f3 la condena de tres adolescentes implicados en hechos de vandalismo registrados durante el mes de febrero en la ciudad de Young, vinculados a da\u00f1os provocados ..Lee la nota completa\ud83d\udc47","jetpack_publicize_feature_enabled":true,"jetpack_social_post_already_shared":false,"jetpack_social_options":{"image_generator_settings":{"template":"highway","default_image_id":0,"font":"","enabled":false},"version":2}},"categories":[28],"tags":[],"class_list":["post-9413","post","type-post","status-publish","format-standard","has-post-thumbnail","hentry","category-de-la-ciudad"],"author_meta":{"display_name":"Portal","author_link":"https:\/\/portaldeyoung.uy\/index.php\/author\/admin_port\/"},"featured_img":"https:\/\/portaldeyoung.uy\/wp-content\/uploads\/2025\/06\/residuos-contenedor-quemado-300x184.jpg","jetpack_publicize_connections":[],"coauthors":[],"tax_additional":{"categories":{"linked":["<a href=\"https:\/\/portaldeyoung.uy\/index.php\/category\/de-la-ciudad\/\" class=\"advgb-post-tax-term\">De la ciudad<\/a>"],"unlinked":["<span class=\"advgb-post-tax-term\">De la ciudad<\/span>"]}},"comment_count":"0","relative_dates":{"created":"Publicado 1 mes hace","modified":"Actualizado 1 mes hace"},"absolute_dates":{"created":"Publicado el marzo 24, 2026","modified":"Actualizado el marzo 27, 2026"},"absolute_dates_time":{"created":"Publicado el marzo 24, 2026 3:40 pm","modified":"Actualizado el marzo 27, 2026 11:01 am"},"featured_img_caption":"","series_order":"","_links":{"self":[{"href":"https:\/\/portaldeyoung.uy\/index.php\/wp-json\/wp\/v2\/posts\/9413","targetHints":{"allow":["GET"]}}],"collection":[{"href":"https:\/\/portaldeyoung.uy\/index.php\/wp-json\/wp\/v2\/posts"}],"about":[{"href":"https:\/\/portaldeyoung.uy\/index.php\/wp-json\/wp\/v2\/types\/post"}],"author":[{"embeddable":true,"href":"https:\/\/portaldeyoung.uy\/index.php\/wp-json\/wp\/v2\/users\/1"}],"replies":[{"embeddable":true,"href":"https:\/\/portaldeyoung.uy\/index.php\/wp-json\/wp\/v2\/comments?post=9413"}],"version-history":[{"count":1,"href":"https:\/\/portaldeyoung.uy\/index.php\/wp-json\/wp\/v2\/posts\/9413\/revisions"}],"predecessor-version":[{"id":9414,"href":"https:\/\/portaldeyoung.uy\/index.php\/wp-json\/wp\/v2\/posts\/9413\/revisions\/9414"}],"wp:featuredmedia":[{"embeddable":true,"href":"https:\/\/portaldeyoung.uy\/index.php\/wp-json\/wp\/v2\/media\/659"}],"wp:attachment":[{"href":"https:\/\/portaldeyoung.uy\/index.php\/wp-json\/wp\/v2\/media?parent=9413"}],"wp:term":[{"taxonomy":"category","embeddable":true,"href":"https:\/\/portaldeyoung.uy\/index.php\/wp-json\/wp\/v2\/categories?post=9413"},{"taxonomy":"post_tag","embeddable":true,"href":"https:\/\/portaldeyoung.uy\/index.php\/wp-json\/wp\/v2\/tags?post=9413"}],"curies":[{"name":"wp","href":"https:\/\/api.w.org\/{rel}","templated":true}]}}