{"id":941,"date":"2025-07-01T10:42:09","date_gmt":"2025-07-01T10:42:09","guid":{"rendered":"https:\/\/portaldeyoung.uy\/?p=941"},"modified":"2025-07-02T11:26:04","modified_gmt":"2025-07-02T11:26:04","slug":"alejandro-balbis-llega-a-young-con-un-concierto-el-4-de-julio","status":"publish","type":"post","link":"https:\/\/portaldeyoung.uy\/index.php\/2025\/07\/01\/alejandro-balbis-llega-a-young-con-un-concierto-el-4-de-julio\/","title":{"rendered":"Alejandro Balbis Llega a Young con un Concierto el 4 de Julio"},"content":{"rendered":"\n<p>El reconocido cantautor uruguayo Alejandro Balbis se prepara para deleitar a sus seguidores en Young con una presentaci\u00f3n \u00fanica. Conocido por su voz \u00fanica y su profundo arraigo en la m\u00fasica rioplatense, Balbis promete una noche con canciones populares el pr\u00f3ximo viernes 4 de julio en el Cine Teatro Atenas.<\/p>\n\n\n\n<p>Desde sus inicios en la murga infantil Firulete, posteriormente conocida como Contrafarsa, Alejandro Balbis ha dejado una huella en la escena musical uruguaya. Ha participado en diversas murgas como cantor, libretista y director, incluyendo destacadas agrupaciones como Falta y Resto y Saltimbanquis.<\/p>\n\n\n\n<p>Adem\u00e1s de su trayectoria en el carnaval, Balbis ha colaborado con artistas de renombre como La Vela Puerca, No Te Va Gustar, Adriana Varela y Bersuit Vergarabat, entre otros. Su \u00e1lbum debut como solista, \u00abEl Gran Pez\u00bb, lanzado en 2009, se convirti\u00f3 en un \u00e9xito rotundo, destac\u00e1ndose por su fusi\u00f3n de milonga, murga, balada folk y rock.<\/p>\n\n\n\n<p>El concierto en Young ser\u00e1 una linda oportunidad para disfrutar sus canciones para los amantes de la m\u00fasica uruguaya, con un repertorio que abarcar\u00e1 sus grandes \u00e9xitos y nuevas composiciones. Las entradas est\u00e1n disponibles en l\u00ednea a trav\u00e9s de MiEntrada Uruguay, con precios anticipados de $460 y generales de $575.<\/p>\n\n\n\n<figure class=\"wp-block-image size-large\"><img loading=\"lazy\" decoding=\"async\" width=\"819\" height=\"1024\" src=\"https:\/\/portaldeyoung.uy\/wp-content\/uploads\/2025\/07\/Balbia-en-young-819x1024.jpg\" alt=\"\" class=\"wp-image-942\" srcset=\"https:\/\/portaldeyoung.uy\/wp-content\/uploads\/2025\/07\/Balbia-en-young-819x1024.jpg 819w, https:\/\/portaldeyoung.uy\/wp-content\/uploads\/2025\/07\/Balbia-en-young-240x300.jpg 240w, https:\/\/portaldeyoung.uy\/wp-content\/uploads\/2025\/07\/Balbia-en-young-768x960.jpg 768w, https:\/\/portaldeyoung.uy\/wp-content\/uploads\/2025\/07\/Balbia-en-young.jpg 1080w\" sizes=\"auto, (max-width: 819px) 100vw, 819px\" \/><\/figure>\n","protected":false},"excerpt":{"rendered":"<p>El reconocido cantautor uruguayo Alejandro Balbis se prepara para deleitar a sus seguidores en Young con una presentaci\u00f3n \u00fanica. Conocido por su voz \u00fanica y<\/p>\n","protected":false},"author":1,"featured_media":943,"comment_status":"open","ping_status":"open","sticky":false,"template":"","format":"standard","meta":{"advgb_blocks_editor_width":"","advgb_blocks_columns_visual_guide":"","footnotes":"","jetpack_publicize_message":"","jetpack_publicize_feature_enabled":true,"jetpack_social_post_already_shared":true,"jetpack_social_options":{"image_generator_settings":{"template":"highway","default_image_id":0,"font":"","enabled":false},"version":2}},"categories":[4],"tags":[],"class_list":["post-941","post","type-post","status-publish","format-standard","has-post-thumbnail","hentry","category-de-aca"],"author_meta":{"display_name":"Portal","author_link":"https:\/\/portaldeyoung.uy\/index.php\/author\/admin_port\/"},"featured_img":"https:\/\/portaldeyoung.uy\/wp-content\/uploads\/2025\/07\/Balbia-en-young-2-300x203.jpg","jetpack_publicize_connections":[],"coauthors":[],"tax_additional":{"categories":{"linked":["<a href=\"https:\/\/portaldeyoung.uy\/index.php\/category\/de-aca\/\" class=\"advgb-post-tax-term\">De ac\u00e1<\/a>"],"unlinked":["<span class=\"advgb-post-tax-term\">De ac\u00e1<\/span>"]}},"comment_count":"0","relative_dates":{"created":"Publicado 10 meses hace","modified":"Actualizado 10 meses hace"},"absolute_dates":{"created":"Publicado el julio 1, 2025","modified":"Actualizado el julio 2, 2025"},"absolute_dates_time":{"created":"Publicado el julio 1, 2025 10:42 am","modified":"Actualizado el julio 2, 2025 11:26 am"},"featured_img_caption":"","series_order":"","_links":{"self":[{"href":"https:\/\/portaldeyoung.uy\/index.php\/wp-json\/wp\/v2\/posts\/941","targetHints":{"allow":["GET"]}}],"collection":[{"href":"https:\/\/portaldeyoung.uy\/index.php\/wp-json\/wp\/v2\/posts"}],"about":[{"href":"https:\/\/portaldeyoung.uy\/index.php\/wp-json\/wp\/v2\/types\/post"}],"author":[{"embeddable":true,"href":"https:\/\/portaldeyoung.uy\/index.php\/wp-json\/wp\/v2\/users\/1"}],"replies":[{"embeddable":true,"href":"https:\/\/portaldeyoung.uy\/index.php\/wp-json\/wp\/v2\/comments?post=941"}],"version-history":[{"count":1,"href":"https:\/\/portaldeyoung.uy\/index.php\/wp-json\/wp\/v2\/posts\/941\/revisions"}],"predecessor-version":[{"id":944,"href":"https:\/\/portaldeyoung.uy\/index.php\/wp-json\/wp\/v2\/posts\/941\/revisions\/944"}],"wp:featuredmedia":[{"embeddable":true,"href":"https:\/\/portaldeyoung.uy\/index.php\/wp-json\/wp\/v2\/media\/943"}],"wp:attachment":[{"href":"https:\/\/portaldeyoung.uy\/index.php\/wp-json\/wp\/v2\/media?parent=941"}],"wp:term":[{"taxonomy":"category","embeddable":true,"href":"https:\/\/portaldeyoung.uy\/index.php\/wp-json\/wp\/v2\/categories?post=941"},{"taxonomy":"post_tag","embeddable":true,"href":"https:\/\/portaldeyoung.uy\/index.php\/wp-json\/wp\/v2\/tags?post=941"}],"curies":[{"name":"wp","href":"https:\/\/api.w.org\/{rel}","templated":true}]}}