{"id":9396,"date":"2026-03-24T06:51:00","date_gmt":"2026-03-24T09:51:00","guid":{"rendered":"https:\/\/portaldeyoung.uy\/?p=9396"},"modified":"2026-03-25T08:51:25","modified_gmt":"2026-03-25T11:51:25","slug":"municipio-de-young-se-pronuncio-sobre-la-situacion-de-los-feriantes-y-detalla-acciones-realizadas","status":"publish","type":"post","link":"https:\/\/portaldeyoung.uy\/index.php\/2026\/03\/24\/municipio-de-young-se-pronuncio-sobre-la-situacion-de-los-feriantes-y-detalla-acciones-realizadas\/","title":{"rendered":"Municipio de Young se pronunci\u00f3 sobre la situaci\u00f3n de los feriantes y detalla acciones realizadas"},"content":{"rendered":"\n<p>El Concejo Municipal de Young emiti\u00f3 un comunicado p\u00fablico este 23 de marzo de 2026, en el que expone su posici\u00f3n y detalla las acciones llevadas adelante en relaci\u00f3n a la actividad de los feriantes en la ciudad, en medio de un tema que ha tomado notoriedad p\u00fablica en los \u00faltimos d\u00edas.<\/p>\n\n\n\n<p>El documento, firmado por la alcaldesa Ana Cecilia Rodr\u00edguez junto a los concejales Carlos Periasco, Valeria Silva, Blanca Vigo y Facundo Montand\u00f3n, repasa los antecedentes desde el inicio de la actual gesti\u00f3n en julio de 2025. En ese sentido, se se\u00f1ala que, en acuerdo con el Ejecutivo Departamental, se permiti\u00f3 el funcionamiento de feriantes en la explanada municipal como una excepci\u00f3n al decreto vigente que regula la actividad en el departamento.<\/p>\n\n\n\n<p>Asimismo, el Municipio detalla la participaci\u00f3n de feriantes en distintos eventos organizados en la ciudad, como el D\u00eda del Candombe, la Feria Navide\u00f1a, actividades por el D\u00eda de Reyes, propuestas de verano, la Mega Feria vinculada al Campeonato Nacional de Piscinas Abiertas y el Desfile de Escuelas de Samba, entre otros. En algunos casos, se aclara que se establecieron limitaciones, particularmente en la venta de alimentos, debido a que las cantinas fueron asignadas a instituciones locales con fines de beneficio comunitario.<\/p>\n\n\n\n<p>En el comunicado tambi\u00e9n se hace referencia a situaciones espec\u00edficas, como la no autorizaci\u00f3n de una feria adicional durante la reprogramaci\u00f3n del Regional de Llamadas, decisi\u00f3n fundamentada en aspectos log\u00edsticos y de seguridad vinculados al evento.<\/p>\n\n\n\n<p>Por otra parte, el Concejo destaca que durante este per\u00edodo se mantuvieron diversas instancias de di\u00e1logo con los feriantes, incluyendo reuniones formales en octubre y noviembre de 2025, febrero y marzo de 2026, donde se abordaron temas como horarios, ubicaci\u00f3n, funcionamiento y participaci\u00f3n en eventos. Tambi\u00e9n se inform\u00f3 sobre el proyecto de creaci\u00f3n de un espacio definitivo para la actividad, denominado \u201cPaseo de los Feriantes Young\u201d, previsto en el Plan Operativo Anual 2026.<\/p>\n\n\n\n<p>En cuanto a la organizaci\u00f3n actual, se recuerda que durante el verano se implement\u00f3 un sistema de funcionamiento en dos turnos \u2014ma\u00f1ana y tarde-noche\u2014, medida que surgi\u00f3 a partir del intercambio con los propios trabajadores.<\/p>\n\n\n\n<p>Finalmente, desde el Municipio se subraya la importancia del di\u00e1logo como herramienta para avanzar en soluciones, reconociendo que, pese a las diferencias, el objetivo es construir acuerdos que beneficien a la comunidad en su conjunto.<\/p>\n\n\n\n<p>El comunicado concluye reafirmando el compromiso de las autoridades de continuar trabajando junto a todos los actores involucrados, con una actitud de cercan\u00eda y escucha permanente.<\/p>\n","protected":false},"excerpt":{"rendered":"<p>El Concejo Municipal de Young emiti\u00f3 un comunicado p\u00fablico este 23 de marzo de 2026, en el que expone su posici\u00f3n y detalla las acciones<\/p>\n","protected":false},"author":1,"featured_media":1195,"comment_status":"closed","ping_status":"open","sticky":false,"template":"","format":"standard","meta":{"advgb_blocks_editor_width":"","advgb_blocks_columns_visual_guide":"","footnotes":"","jetpack_publicize_message":"El Concejo Municipal de Young emiti\u00f3 un comunicado p\u00fablico este 23 de marzo de 2026, en el que expone su posici\u00f3n y detalla las acciones llevadas adelante en ...Lee la nota completa\ud83d\udc47","jetpack_publicize_feature_enabled":true,"jetpack_social_post_already_shared":true,"jetpack_social_options":{"image_generator_settings":{"template":"highway","default_image_id":0,"font":"","enabled":false},"version":2}},"categories":[28],"tags":[],"class_list":["post-9396","post","type-post","status-publish","format-standard","has-post-thumbnail","hentry","category-de-la-ciudad"],"author_meta":{"display_name":"Portal","author_link":"https:\/\/portaldeyoung.uy\/index.php\/author\/admin_port\/"},"featured_img":"https:\/\/portaldeyoung.uy\/wp-content\/uploads\/2025\/07\/Feria-300x169.png","jetpack_publicize_connections":[],"coauthors":[],"tax_additional":{"categories":{"linked":["<a href=\"https:\/\/portaldeyoung.uy\/index.php\/category\/de-la-ciudad\/\" class=\"advgb-post-tax-term\">De la ciudad<\/a>"],"unlinked":["<span class=\"advgb-post-tax-term\">De la ciudad<\/span>"]}},"comment_count":"0","relative_dates":{"created":"Publicado 1 mes hace","modified":"Actualizado 1 mes hace"},"absolute_dates":{"created":"Publicado el marzo 24, 2026","modified":"Actualizado el marzo 25, 2026"},"absolute_dates_time":{"created":"Publicado el marzo 24, 2026 6:51 am","modified":"Actualizado el marzo 25, 2026 8:51 am"},"featured_img_caption":"","series_order":"","_links":{"self":[{"href":"https:\/\/portaldeyoung.uy\/index.php\/wp-json\/wp\/v2\/posts\/9396","targetHints":{"allow":["GET"]}}],"collection":[{"href":"https:\/\/portaldeyoung.uy\/index.php\/wp-json\/wp\/v2\/posts"}],"about":[{"href":"https:\/\/portaldeyoung.uy\/index.php\/wp-json\/wp\/v2\/types\/post"}],"author":[{"embeddable":true,"href":"https:\/\/portaldeyoung.uy\/index.php\/wp-json\/wp\/v2\/users\/1"}],"replies":[{"embeddable":true,"href":"https:\/\/portaldeyoung.uy\/index.php\/wp-json\/wp\/v2\/comments?post=9396"}],"version-history":[{"count":1,"href":"https:\/\/portaldeyoung.uy\/index.php\/wp-json\/wp\/v2\/posts\/9396\/revisions"}],"predecessor-version":[{"id":9397,"href":"https:\/\/portaldeyoung.uy\/index.php\/wp-json\/wp\/v2\/posts\/9396\/revisions\/9397"}],"wp:featuredmedia":[{"embeddable":true,"href":"https:\/\/portaldeyoung.uy\/index.php\/wp-json\/wp\/v2\/media\/1195"}],"wp:attachment":[{"href":"https:\/\/portaldeyoung.uy\/index.php\/wp-json\/wp\/v2\/media?parent=9396"}],"wp:term":[{"taxonomy":"category","embeddable":true,"href":"https:\/\/portaldeyoung.uy\/index.php\/wp-json\/wp\/v2\/categories?post=9396"},{"taxonomy":"post_tag","embeddable":true,"href":"https:\/\/portaldeyoung.uy\/index.php\/wp-json\/wp\/v2\/tags?post=9396"}],"curies":[{"name":"wp","href":"https:\/\/api.w.org\/{rel}","templated":true}]}}