{"id":9394,"date":"2026-03-24T06:48:00","date_gmt":"2026-03-24T09:48:00","guid":{"rendered":"https:\/\/portaldeyoung.uy\/?p=9394"},"modified":"2026-03-23T21:00:42","modified_gmt":"2026-03-24T00:00:42","slug":"young-se-prepara-para-la-primera-carrera-solidaria-abrazo-azul-por-el-mes-de-concientizacion-del-autismo","status":"publish","type":"post","link":"https:\/\/portaldeyoung.uy\/index.php\/2026\/03\/24\/young-se-prepara-para-la-primera-carrera-solidaria-abrazo-azul-por-el-mes-de-concientizacion-del-autismo\/","title":{"rendered":"Young se prepara para la primera carrera solidaria \u201cAbrazo Azul\u201d por el mes de concientizaci\u00f3n del autismo"},"content":{"rendered":"\n<p>En el marco del mes de concientizaci\u00f3n sobre el autismo, la ciudad de Young ser\u00e1 escenario de la primera edici\u00f3n de la carrera solidaria \u201cAbrazo Azul\u201d, una propuesta que combina deporte, inclusi\u00f3n y solidaridad.<\/p>\n\n\n\n<p>El evento se desarrollar\u00e1 el pr\u00f3ximo 12 de abril de 2026 en el Parque Lineal de Young, y contar\u00e1 con diversas actividades pensadas para toda la familia. La jornada incluir\u00e1 circuitos de 4 y 8 kil\u00f3metros, adem\u00e1s de una carrera infantil de 200 metros, promoviendo la participaci\u00f3n de personas de todas las edades.<\/p>\n\n\n\n<p>La largada de la categor\u00eda kids est\u00e1 prevista para las 10:00 horas, mientras que las pruebas principales comenzar\u00e1n a las 10:30. La organizaci\u00f3n ha dispuesto servicios de hidrataci\u00f3n durante el recorrido, avituallamiento al finalizar, ba\u00f1os, cantina, m\u00fasica en vivo, sorteos y m\u00faltiples propuestas recreativas, en un ambiente que promete ser festivo y participativo.<\/p>\n\n\n\n<p>Todos los participantes recibir\u00e1n medalla finisher, y se realizar\u00e1 premiaci\u00f3n general por g\u00e9nero y por categor\u00edas en ambas distancias: hasta 19 a\u00f1os, 20 a 29, 30 a 39, 40 a 49, 50 a 59 y mayores de 60 a\u00f1os.<\/p>\n\n\n\n<p>La entrega de kits para los atletas locales se realizar\u00e1 el 11 de abril desde las 18:00 horas en el Centro Autista de Young, mientras que el mismo d\u00eda del evento podr\u00e1n retirarse en el lugar desde las 8:00.<\/p>\n\n\n\n<p>En cuanto a las inscripciones, el costo ser\u00e1 de $600 sin remera y $800 con remera (hasta el 7 de abril), mientras que la categor\u00eda kids tendr\u00e1 un valor de $200, abon\u00e1ndose en el lugar. Los interesados podr\u00e1n registrarse a trav\u00e9s del sitio web Sportiva Eventos Uruguay hasta el 11 de abril, debiendo completar el formulario correspondiente y realizar el pago mediante Red Pagos.<\/p>\n\n\n\n<p>La actividad es organizada por Pe\u00f1arol Atletismo y el Centro Educativo para Ni\u00f1os Autistas de Young, con el apoyo del Municipio de Young.<\/p>\n\n\n\n<p>Desde la organizaci\u00f3n invitan a toda la comunidad a sumarse a esta iniciativa que busca generar conciencia, apoyar una causa importante y disfrutar de una jornada diferente: \u201cTe esperamos para colaborar y divertirte. \u00a1No te lo pod\u00e9s perder!\u201d.<\/p>\n","protected":false},"excerpt":{"rendered":"<p>En el marco del mes de concientizaci\u00f3n sobre el autismo, la ciudad de Young ser\u00e1 escenario de la primera edici\u00f3n de la carrera solidaria \u201cAbrazo<\/p>\n","protected":false},"author":1,"featured_media":9021,"comment_status":"closed","ping_status":"open","sticky":false,"template":"","format":"standard","meta":{"advgb_blocks_editor_width":"","advgb_blocks_columns_visual_guide":"","footnotes":"","jetpack_publicize_message":"En el marco del mes de concientizaci\u00f3n sobre el autismo, la ciudad de Young ser\u00e1 escenario de la primera edici\u00f3n de la carrera solidaria \u201cAbrazo Azul\u201d, una ...Lee la nota completa\ud83d\udc47","jetpack_publicize_feature_enabled":true,"jetpack_social_post_already_shared":true,"jetpack_social_options":{"image_generator_settings":{"template":"highway","default_image_id":0,"font":"","enabled":false},"version":2}},"categories":[5],"tags":[],"class_list":["post-9394","post","type-post","status-publish","format-standard","has-post-thumbnail","hentry","category-de-la-tribuna"],"author_meta":{"display_name":"Portal","author_link":"https:\/\/portaldeyoung.uy\/index.php\/author\/admin_port\/"},"featured_img":"https:\/\/portaldeyoung.uy\/wp-content\/uploads\/2026\/03\/abrazo-azul-00-300x175.jpg","jetpack_publicize_connections":[],"coauthors":[],"tax_additional":{"categories":{"linked":["<a href=\"https:\/\/portaldeyoung.uy\/index.php\/category\/de-la-tribuna\/\" class=\"advgb-post-tax-term\">De la tribuna<\/a>"],"unlinked":["<span class=\"advgb-post-tax-term\">De la tribuna<\/span>"]}},"comment_count":"0","relative_dates":{"created":"Publicado 1 mes hace","modified":"Actualizado 1 mes hace"},"absolute_dates":{"created":"Publicado el marzo 24, 2026","modified":"Actualizado el marzo 23, 2026"},"absolute_dates_time":{"created":"Publicado el marzo 24, 2026 6:48 am","modified":"Actualizado el marzo 23, 2026 9:00 pm"},"featured_img_caption":"","series_order":"","_links":{"self":[{"href":"https:\/\/portaldeyoung.uy\/index.php\/wp-json\/wp\/v2\/posts\/9394","targetHints":{"allow":["GET"]}}],"collection":[{"href":"https:\/\/portaldeyoung.uy\/index.php\/wp-json\/wp\/v2\/posts"}],"about":[{"href":"https:\/\/portaldeyoung.uy\/index.php\/wp-json\/wp\/v2\/types\/post"}],"author":[{"embeddable":true,"href":"https:\/\/portaldeyoung.uy\/index.php\/wp-json\/wp\/v2\/users\/1"}],"replies":[{"embeddable":true,"href":"https:\/\/portaldeyoung.uy\/index.php\/wp-json\/wp\/v2\/comments?post=9394"}],"version-history":[{"count":1,"href":"https:\/\/portaldeyoung.uy\/index.php\/wp-json\/wp\/v2\/posts\/9394\/revisions"}],"predecessor-version":[{"id":9395,"href":"https:\/\/portaldeyoung.uy\/index.php\/wp-json\/wp\/v2\/posts\/9394\/revisions\/9395"}],"wp:featuredmedia":[{"embeddable":true,"href":"https:\/\/portaldeyoung.uy\/index.php\/wp-json\/wp\/v2\/media\/9021"}],"wp:attachment":[{"href":"https:\/\/portaldeyoung.uy\/index.php\/wp-json\/wp\/v2\/media?parent=9394"}],"wp:term":[{"taxonomy":"category","embeddable":true,"href":"https:\/\/portaldeyoung.uy\/index.php\/wp-json\/wp\/v2\/categories?post=9394"},{"taxonomy":"post_tag","embeddable":true,"href":"https:\/\/portaldeyoung.uy\/index.php\/wp-json\/wp\/v2\/tags?post=9394"}],"curies":[{"name":"wp","href":"https:\/\/api.w.org\/{rel}","templated":true}]}}