{"id":9390,"date":"2026-03-24T06:38:00","date_gmt":"2026-03-24T09:38:00","guid":{"rendered":"https:\/\/portaldeyoung.uy\/?p=9390"},"modified":"2026-03-26T07:56:23","modified_gmt":"2026-03-26T10:56:23","slug":"disparos-en-fray-bentos-por-disputa-tras-la-venta-de-un-cachorro","status":"publish","type":"post","link":"https:\/\/portaldeyoung.uy\/index.php\/2026\/03\/24\/disparos-en-fray-bentos-por-disputa-tras-la-venta-de-un-cachorro\/","title":{"rendered":"Disparos en Fray Bentos por disputa tras la venta de un cachorro"},"content":{"rendered":"\n<p>Un incidente con arma de fuego se registr\u00f3 en las \u00faltimas horas en la ciudad de Fray Bentos, luego de que vecinos alertaran al servicio de emergencias 911 sobre detonaciones en la zona de ANCAP Camino La Feria.<\/p>\n\n\n\n<p>De acuerdo a la informaci\u00f3n policial, al arribo de los efectivos al lugar se constat\u00f3 la presencia de un hombre mayor, quien fue trasladado para averiguaciones. Seg\u00fan su testimonio, momentos antes se encontraba realizando un negocio por un cachorro de su propiedad con dos individuos, cuando uno de ellos tom\u00f3 el animal y se retir\u00f3 sin concretar el acuerdo.<\/p>\n\n\n\n<p>Ante esta situaci\u00f3n, el hombre efectu\u00f3 dos disparos con un arma de fuego hacia el suelo, con la intenci\u00f3n de que el individuo desistiera y devolviera el cachorro, lo que en ese momento no ocurri\u00f3. Posteriormente, el animal fue recuperado y restituido a su due\u00f1o.<\/p>\n\n\n\n<p>Del hecho fue enterada la fiscal de turno, la doctora Chouy, quien dispuso la incautaci\u00f3n del arma de fuego, dar intervenci\u00f3n al Juzgado de Paz y continuar con las actuaciones correspondientes.<\/p>\n\n\n\n<p>Por su parte, el juez de Paz actuante orden\u00f3 que el arma permanezca incautada y la elevaci\u00f3n de antecedentes del caso.<\/p>\n\n\n\n<p>Las actuaciones contin\u00faan y no se descartan nuevas disposiciones en las pr\u00f3ximas horas.<\/p>\n","protected":false},"excerpt":{"rendered":"<p>Un incidente con arma de fuego se registr\u00f3 en las \u00faltimas horas en la ciudad de Fray Bentos, luego de que vecinos alertaran al servicio<\/p>\n","protected":false},"author":1,"featured_media":4214,"comment_status":"closed","ping_status":"open","sticky":false,"template":"","format":"standard","meta":{"advgb_blocks_editor_width":"","advgb_blocks_columns_visual_guide":"","footnotes":"","jetpack_publicize_message":"Un incidente con arma de fuego se registr\u00f3 en las \u00faltimas horas en la ciudad de Fray Bentos, luego de que vecinos alertaran al servicio de ...Lee la nota completa\ud83d\udc47","jetpack_publicize_feature_enabled":true,"jetpack_social_post_already_shared":true,"jetpack_social_options":{"image_generator_settings":{"template":"highway","default_image_id":0,"font":"","enabled":false},"version":2}},"categories":[29],"tags":[],"class_list":["post-9390","post","type-post","status-publish","format-standard","has-post-thumbnail","hentry","category-del-territorio"],"author_meta":{"display_name":"Portal","author_link":"https:\/\/portaldeyoung.uy\/index.php\/author\/admin_port\/"},"featured_img":"https:\/\/portaldeyoung.uy\/wp-content\/uploads\/2025\/10\/Policia-movil-300x162.png","jetpack_publicize_connections":[],"coauthors":[],"tax_additional":{"categories":{"linked":["<a href=\"https:\/\/portaldeyoung.uy\/index.php\/category\/del-territorio\/\" class=\"advgb-post-tax-term\">Del territorio<\/a>"],"unlinked":["<span class=\"advgb-post-tax-term\">Del territorio<\/span>"]}},"comment_count":"0","relative_dates":{"created":"Publicado 1 mes hace","modified":"Actualizado 1 mes hace"},"absolute_dates":{"created":"Publicado el marzo 24, 2026","modified":"Actualizado el marzo 26, 2026"},"absolute_dates_time":{"created":"Publicado el marzo 24, 2026 6:38 am","modified":"Actualizado el marzo 26, 2026 7:56 am"},"featured_img_caption":"","series_order":"","_links":{"self":[{"href":"https:\/\/portaldeyoung.uy\/index.php\/wp-json\/wp\/v2\/posts\/9390","targetHints":{"allow":["GET"]}}],"collection":[{"href":"https:\/\/portaldeyoung.uy\/index.php\/wp-json\/wp\/v2\/posts"}],"about":[{"href":"https:\/\/portaldeyoung.uy\/index.php\/wp-json\/wp\/v2\/types\/post"}],"author":[{"embeddable":true,"href":"https:\/\/portaldeyoung.uy\/index.php\/wp-json\/wp\/v2\/users\/1"}],"replies":[{"embeddable":true,"href":"https:\/\/portaldeyoung.uy\/index.php\/wp-json\/wp\/v2\/comments?post=9390"}],"version-history":[{"count":1,"href":"https:\/\/portaldeyoung.uy\/index.php\/wp-json\/wp\/v2\/posts\/9390\/revisions"}],"predecessor-version":[{"id":9391,"href":"https:\/\/portaldeyoung.uy\/index.php\/wp-json\/wp\/v2\/posts\/9390\/revisions\/9391"}],"wp:featuredmedia":[{"embeddable":true,"href":"https:\/\/portaldeyoung.uy\/index.php\/wp-json\/wp\/v2\/media\/4214"}],"wp:attachment":[{"href":"https:\/\/portaldeyoung.uy\/index.php\/wp-json\/wp\/v2\/media?parent=9390"}],"wp:term":[{"taxonomy":"category","embeddable":true,"href":"https:\/\/portaldeyoung.uy\/index.php\/wp-json\/wp\/v2\/categories?post=9390"},{"taxonomy":"post_tag","embeddable":true,"href":"https:\/\/portaldeyoung.uy\/index.php\/wp-json\/wp\/v2\/tags?post=9390"}],"curies":[{"name":"wp","href":"https:\/\/api.w.org\/{rel}","templated":true}]}}