{"id":9379,"date":"2026-03-24T06:20:00","date_gmt":"2026-03-24T09:20:00","guid":{"rendered":"https:\/\/portaldeyoung.uy\/?p=9379"},"modified":"2026-03-23T20:28:23","modified_gmt":"2026-03-23T23:28:23","slug":"docentes-del-liceo-5-de-paysandu-realizaron-paro-tras-trifulca-entre-alumnos-que-dejaron-adscriptas-heridas","status":"publish","type":"post","link":"https:\/\/portaldeyoung.uy\/index.php\/2026\/03\/24\/docentes-del-liceo-5-de-paysandu-realizaron-paro-tras-trifulca-entre-alumnos-que-dejaron-adscriptas-heridas\/","title":{"rendered":"Docentes del Liceo 5 de Paysand\u00fa realizaron paro tras trifulca entre alumnos que dejaron adscriptas heridas"},"content":{"rendered":"\n<p>Docentes del <strong>Liceo 5<\/strong> de <strong>Paysand\u00fa<\/strong> realizaron un <strong>paro<\/strong> y ocupaci\u00f3n debido a <strong>trifulca<\/strong> entre alumnos en las que dos adscriptas resultaron agredidas al intentar intervenir.<\/p>\n\n\n\n<p>Sully Guich\u00f3n dijo a <em>Subrayado<\/em> que este tipo de hechos se reiteran en algunos centros de estudio, aclar\u00f3 que nos son diarios y que no intervienen la mayor\u00eda de los alumnos.<\/p>\n\n\n\n<p>Por su parte, Victoria Varela, coment\u00f3 que desde el sindicato lograron que el director general de Secundaria se hiciera presente en el centro, hecho que valoran y consideran importante.<\/p>\n\n\n\n<p>\u00abPudimos hacerle ciertos pedidos y se puede tener un portero en la instituci\u00f3n porque no tenemos (&#8230;) tenemos un portero el\u00e9ctrico, pero no funciona entonces somos nosotras las que abrimos y cerramos y tratamos de que no entre nadie m\u00e1s a la instituci\u00f3n\u00bb, indic\u00f3.<\/p>\n\n\n\n<p>Y agreg\u00f3: \u00abSolicitamos que se mejore el sistema de seguridad basado en c\u00e1maras\u00bb<\/p>\n","protected":false},"excerpt":{"rendered":"<p>Docentes del Liceo 5 de Paysand\u00fa realizaron un paro y ocupaci\u00f3n debido a trifulca entre alumnos en las que dos adscriptas resultaron agredidas al intentar<\/p>\n","protected":false},"author":1,"featured_media":9380,"comment_status":"closed","ping_status":"open","sticky":false,"template":"","format":"standard","meta":{"advgb_blocks_editor_width":"","advgb_blocks_columns_visual_guide":"","footnotes":"","jetpack_publicize_message":"Docentes del Liceo 5 de Paysand\u00fa realizaron un paro y ocupaci\u00f3n debido a trifulca entre alumnos en las que dos adscriptas resultaron agredidas al intentar intervenir...Lee la nota completa\ud83d\udc47","jetpack_publicize_feature_enabled":true,"jetpack_social_post_already_shared":true,"jetpack_social_options":{"image_generator_settings":{"template":"highway","default_image_id":0,"font":"","enabled":false},"version":2}},"categories":[7],"tags":[],"class_list":["post-9379","post","type-post","status-publish","format-standard","has-post-thumbnail","hentry","category-del-pais"],"author_meta":{"display_name":"Portal","author_link":"https:\/\/portaldeyoung.uy\/index.php\/author\/admin_port\/"},"featured_img":"https:\/\/portaldeyoung.uy\/wp-content\/uploads\/2026\/03\/liceo-5-paysandu-300x195.png","jetpack_publicize_connections":[],"coauthors":[],"tax_additional":{"categories":{"linked":["<a href=\"https:\/\/portaldeyoung.uy\/index.php\/category\/del-pais\/\" class=\"advgb-post-tax-term\">Del pa\u00eds<\/a>"],"unlinked":["<span class=\"advgb-post-tax-term\">Del pa\u00eds<\/span>"]}},"comment_count":"0","relative_dates":{"created":"Publicado 1 mes hace","modified":"Actualizado 1 mes hace"},"absolute_dates":{"created":"Publicado el marzo 24, 2026","modified":"Actualizado el marzo 23, 2026"},"absolute_dates_time":{"created":"Publicado el marzo 24, 2026 6:20 am","modified":"Actualizado el marzo 23, 2026 8:28 pm"},"featured_img_caption":"","series_order":"","_links":{"self":[{"href":"https:\/\/portaldeyoung.uy\/index.php\/wp-json\/wp\/v2\/posts\/9379","targetHints":{"allow":["GET"]}}],"collection":[{"href":"https:\/\/portaldeyoung.uy\/index.php\/wp-json\/wp\/v2\/posts"}],"about":[{"href":"https:\/\/portaldeyoung.uy\/index.php\/wp-json\/wp\/v2\/types\/post"}],"author":[{"embeddable":true,"href":"https:\/\/portaldeyoung.uy\/index.php\/wp-json\/wp\/v2\/users\/1"}],"replies":[{"embeddable":true,"href":"https:\/\/portaldeyoung.uy\/index.php\/wp-json\/wp\/v2\/comments?post=9379"}],"version-history":[{"count":1,"href":"https:\/\/portaldeyoung.uy\/index.php\/wp-json\/wp\/v2\/posts\/9379\/revisions"}],"predecessor-version":[{"id":9381,"href":"https:\/\/portaldeyoung.uy\/index.php\/wp-json\/wp\/v2\/posts\/9379\/revisions\/9381"}],"wp:featuredmedia":[{"embeddable":true,"href":"https:\/\/portaldeyoung.uy\/index.php\/wp-json\/wp\/v2\/media\/9380"}],"wp:attachment":[{"href":"https:\/\/portaldeyoung.uy\/index.php\/wp-json\/wp\/v2\/media?parent=9379"}],"wp:term":[{"taxonomy":"category","embeddable":true,"href":"https:\/\/portaldeyoung.uy\/index.php\/wp-json\/wp\/v2\/categories?post=9379"},{"taxonomy":"post_tag","embeddable":true,"href":"https:\/\/portaldeyoung.uy\/index.php\/wp-json\/wp\/v2\/tags?post=9379"}],"curies":[{"name":"wp","href":"https:\/\/api.w.org\/{rel}","templated":true}]}}