{"id":9368,"date":"2026-03-23T11:59:42","date_gmt":"2026-03-23T14:59:42","guid":{"rendered":"https:\/\/portaldeyoung.uy\/?p=9368"},"modified":"2026-03-25T08:51:44","modified_gmt":"2026-03-25T11:51:44","slug":"dos-accidentes-de-transito-en-la-manana-del-lunes-bajo-condiciones-climaticas-adversas","status":"publish","type":"post","link":"https:\/\/portaldeyoung.uy\/index.php\/2026\/03\/23\/dos-accidentes-de-transito-en-la-manana-del-lunes-bajo-condiciones-climaticas-adversas\/","title":{"rendered":"Dos accidentes de tr\u00e1nsito en la ma\u00f1ana del lunes bajo condiciones clim\u00e1ticas adversas"},"content":{"rendered":"\n<p>Las precipitaciones y el mal tiempo registrados en la ma\u00f1ana de este lunes incidieron negativamente en el tr\u00e1nsito en la ciudad, generando al menos dos siniestros de circulaci\u00f3n en distintos puntos.<\/p>\n\n\n\n<p>Uno de los accidentes ocurri\u00f3 en la intersecci\u00f3n de Montevideo y 19 de Abril, donde una camioneta y una moto protagonizaron una colisi\u00f3n. Seg\u00fan la informaci\u00f3n recabada, el motociclista habr\u00eda llevado la peor parte, aunque por el momento no se cuenta con detalles oficiales sobre su estado de salud.<\/p>\n\n\n\n<p>El segundo siniestro tuvo lugar en 18 de Julio y 33, tambi\u00e9n durante la ma\u00f1ana, involucrando a una camioneta y un autom\u00f3vil.<\/p>\n\n\n\n<p>Hasta el momento, no se ha emitido un parte oficial por parte de la Jefatura de Polic\u00eda que permita conocer con mayor precisi\u00f3n las circunstancias de ambos hechos. La informaci\u00f3n disponible surge de los aportes de lectores del <em><strong>Portal de Young<\/strong><\/em>, quienes adem\u00e1s proporcionaron im\u00e1genes de lo ocurrido.<\/p>\n\n\n\n<p>Se recomienda a conductores y peatones extremar precauciones ante las condiciones clim\u00e1ticas adversas, que reducen la visibilidad y aumentan los riesgos en la v\u00eda p\u00fablica.<\/p>\n\n\n\n<figure class=\"wp-block-image size-large\"><img loading=\"lazy\" decoding=\"async\" width=\"1024\" height=\"710\" src=\"https:\/\/portaldeyoung.uy\/wp-content\/uploads\/2026\/03\/accidente-18-de-julio-y-33-1024x710.png\" alt=\"\" class=\"wp-image-9370\" srcset=\"https:\/\/portaldeyoung.uy\/wp-content\/uploads\/2026\/03\/accidente-18-de-julio-y-33-1024x710.png 1024w, https:\/\/portaldeyoung.uy\/wp-content\/uploads\/2026\/03\/accidente-18-de-julio-y-33-300x208.png 300w, https:\/\/portaldeyoung.uy\/wp-content\/uploads\/2026\/03\/accidente-18-de-julio-y-33-768x533.png 768w, https:\/\/portaldeyoung.uy\/wp-content\/uploads\/2026\/03\/accidente-18-de-julio-y-33.png 1228w\" sizes=\"auto, (max-width: 1024px) 100vw, 1024px\" \/><\/figure>\n","protected":false},"excerpt":{"rendered":"<p>Las precipitaciones y el mal tiempo registrados en la ma\u00f1ana de este lunes incidieron negativamente en el tr\u00e1nsito en la ciudad, generando al menos dos<\/p>\n","protected":false},"author":1,"featured_media":9369,"comment_status":"closed","ping_status":"open","sticky":false,"template":"","format":"standard","meta":{"advgb_blocks_editor_width":"","advgb_blocks_columns_visual_guide":"","footnotes":"","jetpack_publicize_message":"Las precipitaciones y el mal tiempo registrados en la ma\u00f1ana de este lunes incidieron negativamente en el tr\u00e1nsito en la ciudad, generando al menos dos siniestros de ...Lee la nota completa\ud83d\udc47","jetpack_publicize_feature_enabled":true,"jetpack_social_post_already_shared":false,"jetpack_social_options":{"image_generator_settings":{"template":"highway","default_image_id":0,"font":"","enabled":false},"version":2}},"categories":[28],"tags":[],"class_list":["post-9368","post","type-post","status-publish","format-standard","has-post-thumbnail","hentry","category-de-la-ciudad"],"author_meta":{"display_name":"Portal","author_link":"https:\/\/portaldeyoung.uy\/index.php\/author\/admin_port\/"},"featured_img":"https:\/\/portaldeyoung.uy\/wp-content\/uploads\/2026\/03\/accidente-ruta-3-y-19-de-abril-300x150.png","jetpack_publicize_connections":[],"coauthors":[],"tax_additional":{"categories":{"linked":["<a href=\"https:\/\/portaldeyoung.uy\/index.php\/category\/de-la-ciudad\/\" class=\"advgb-post-tax-term\">De la ciudad<\/a>"],"unlinked":["<span class=\"advgb-post-tax-term\">De la ciudad<\/span>"]}},"comment_count":"0","relative_dates":{"created":"Publicado 1 mes hace","modified":"Actualizado 1 mes hace"},"absolute_dates":{"created":"Publicado el marzo 23, 2026","modified":"Actualizado el marzo 25, 2026"},"absolute_dates_time":{"created":"Publicado el marzo 23, 2026 11:59 am","modified":"Actualizado el marzo 25, 2026 8:51 am"},"featured_img_caption":"","series_order":"","_links":{"self":[{"href":"https:\/\/portaldeyoung.uy\/index.php\/wp-json\/wp\/v2\/posts\/9368","targetHints":{"allow":["GET"]}}],"collection":[{"href":"https:\/\/portaldeyoung.uy\/index.php\/wp-json\/wp\/v2\/posts"}],"about":[{"href":"https:\/\/portaldeyoung.uy\/index.php\/wp-json\/wp\/v2\/types\/post"}],"author":[{"embeddable":true,"href":"https:\/\/portaldeyoung.uy\/index.php\/wp-json\/wp\/v2\/users\/1"}],"replies":[{"embeddable":true,"href":"https:\/\/portaldeyoung.uy\/index.php\/wp-json\/wp\/v2\/comments?post=9368"}],"version-history":[{"count":1,"href":"https:\/\/portaldeyoung.uy\/index.php\/wp-json\/wp\/v2\/posts\/9368\/revisions"}],"predecessor-version":[{"id":9371,"href":"https:\/\/portaldeyoung.uy\/index.php\/wp-json\/wp\/v2\/posts\/9368\/revisions\/9371"}],"wp:featuredmedia":[{"embeddable":true,"href":"https:\/\/portaldeyoung.uy\/index.php\/wp-json\/wp\/v2\/media\/9369"}],"wp:attachment":[{"href":"https:\/\/portaldeyoung.uy\/index.php\/wp-json\/wp\/v2\/media?parent=9368"}],"wp:term":[{"taxonomy":"category","embeddable":true,"href":"https:\/\/portaldeyoung.uy\/index.php\/wp-json\/wp\/v2\/categories?post=9368"},{"taxonomy":"post_tag","embeddable":true,"href":"https:\/\/portaldeyoung.uy\/index.php\/wp-json\/wp\/v2\/tags?post=9368"}],"curies":[{"name":"wp","href":"https:\/\/api.w.org\/{rel}","templated":true}]}}