{"id":9351,"date":"2026-03-23T09:50:59","date_gmt":"2026-03-23T12:50:59","guid":{"rendered":"https:\/\/portaldeyoung.uy\/?p=9351"},"modified":"2026-03-23T09:58:52","modified_gmt":"2026-03-23T12:58:52","slug":"los-correcaminos-de-young-siguen-firmes-en-el-calendario-regional-de-atletismo","status":"publish","type":"post","link":"https:\/\/portaldeyoung.uy\/index.php\/2026\/03\/23\/los-correcaminos-de-young-siguen-firmes-en-el-calendario-regional-de-atletismo\/","title":{"rendered":"Los Correcaminos de Young siguen firmes en el calendario regional de atletismo"},"content":{"rendered":"\n<p>La Agrupaci\u00f3n Los Correcaminos de Young contin\u00faa destac\u00e1ndose como protagonista en el circuito de carreras urbanas de la regi\u00f3n, participando activamente en una exigente doble jornada que volvi\u00f3 a reflejar su compromiso deportivo y social.<\/p>\n\n\n\n<p>En la ciudad de Mercedes se disput\u00f3 una nueva fecha del campeonato \u201cLas 8 de Soriano\u201d, donde la delegaci\u00f3n younguense estuvo representada por tres atletas femeninas y tres masculinos, luciendo sus tradicionales colores ante un buen marco de p\u00fablico.<\/p>\n\n\n\n<p>Los resultados acompa\u00f1aron el esfuerzo: Mar\u00eda Negr\u00edn y Mar\u00eda Barr\u00e1n se adjudicaron el primer puesto en sus respectivas categor\u00edas, mientras que Mirtha Pe\u00f1a logr\u00f3 un destacado segundo lugar, subiendo tambi\u00e9n al podio.<\/p>\n\n\n\n<p>La actividad no se detuvo all\u00ed. Al d\u00eda siguiente, en Paysand\u00fa, los atletas Milka Marques, Mario Techera y Cristhian Melgarejo dijeron presente en una prueba organizada por la Asociaci\u00f3n de S\u00edndrome de Down de Paysand\u00fa (ASDOPAY), instituci\u00f3n con la que Los Correcaminos mantienen un v\u00ednculo de apoyo que se extiende por m\u00e1s de una d\u00e9cada.<\/p>\n\n\n\n<p>La jornada sanducera se desarroll\u00f3 en un ambiente cargado de emoci\u00f3n, donde el esp\u00edritu solidario y el acompa\u00f1amiento a las familias fueron protagonistas. En ese contexto, la agrupaci\u00f3n reafirm\u00f3 su compromiso no solo con el deporte, sino tambi\u00e9n con causas sociales, sumando kil\u00f3metros en favor de una misi\u00f3n profundamente valiosa.<\/p>\n\n\n\n<figure class=\"wp-block-image size-large\"><img loading=\"lazy\" decoding=\"async\" width=\"768\" height=\"1024\" src=\"https:\/\/portaldeyoung.uy\/wp-content\/uploads\/2026\/03\/WhatsApp-Image-2026-03-22-at-3.48.35-PM-1-768x1024.jpeg\" alt=\"\" class=\"wp-image-9353\" srcset=\"https:\/\/portaldeyoung.uy\/wp-content\/uploads\/2026\/03\/WhatsApp-Image-2026-03-22-at-3.48.35-PM-1-768x1024.jpeg 768w, https:\/\/portaldeyoung.uy\/wp-content\/uploads\/2026\/03\/WhatsApp-Image-2026-03-22-at-3.48.35-PM-1-225x300.jpeg 225w, https:\/\/portaldeyoung.uy\/wp-content\/uploads\/2026\/03\/WhatsApp-Image-2026-03-22-at-3.48.35-PM-1-1152x1536.jpeg 1152w, https:\/\/portaldeyoung.uy\/wp-content\/uploads\/2026\/03\/WhatsApp-Image-2026-03-22-at-3.48.35-PM-1.jpeg 1530w\" sizes=\"auto, (max-width: 768px) 100vw, 768px\" \/><\/figure>\n","protected":false},"excerpt":{"rendered":"<p>La Agrupaci\u00f3n Los Correcaminos de Young contin\u00faa destac\u00e1ndose como protagonista en el circuito de carreras urbanas de la regi\u00f3n, participando activamente en una exigente doble<\/p>\n","protected":false},"author":1,"featured_media":9352,"comment_status":"closed","ping_status":"open","sticky":false,"template":"","format":"standard","meta":{"advgb_blocks_editor_width":"","advgb_blocks_columns_visual_guide":"","footnotes":"","jetpack_publicize_message":"La Agrupaci\u00f3n Los Correcaminos de Young contin\u00faa destac\u00e1ndose como protagonista en el circuito de carreras urbanas de la regi\u00f3n, participando ...Lee la nota completa\ud83d\udc47","jetpack_publicize_feature_enabled":true,"jetpack_social_post_already_shared":false,"jetpack_social_options":{"image_generator_settings":{"template":"highway","default_image_id":0,"font":"","enabled":false},"version":2}},"categories":[5],"tags":[],"class_list":["post-9351","post","type-post","status-publish","format-standard","has-post-thumbnail","hentry","category-de-la-tribuna"],"author_meta":{"display_name":"Portal","author_link":"https:\/\/portaldeyoung.uy\/index.php\/author\/admin_port\/"},"featured_img":"https:\/\/portaldeyoung.uy\/wp-content\/uploads\/2026\/03\/correcaminos-marzo-300x175.png","jetpack_publicize_connections":[],"coauthors":[],"tax_additional":{"categories":{"linked":["<a href=\"https:\/\/portaldeyoung.uy\/index.php\/category\/de-la-tribuna\/\" class=\"advgb-post-tax-term\">De la tribuna<\/a>"],"unlinked":["<span class=\"advgb-post-tax-term\">De la tribuna<\/span>"]}},"comment_count":"0","relative_dates":{"created":"Publicado 1 mes hace","modified":"Actualizado 1 mes hace"},"absolute_dates":{"created":"Publicado el marzo 23, 2026","modified":"Actualizado el marzo 23, 2026"},"absolute_dates_time":{"created":"Publicado el marzo 23, 2026 9:50 am","modified":"Actualizado el marzo 23, 2026 9:58 am"},"featured_img_caption":"","series_order":"","_links":{"self":[{"href":"https:\/\/portaldeyoung.uy\/index.php\/wp-json\/wp\/v2\/posts\/9351","targetHints":{"allow":["GET"]}}],"collection":[{"href":"https:\/\/portaldeyoung.uy\/index.php\/wp-json\/wp\/v2\/posts"}],"about":[{"href":"https:\/\/portaldeyoung.uy\/index.php\/wp-json\/wp\/v2\/types\/post"}],"author":[{"embeddable":true,"href":"https:\/\/portaldeyoung.uy\/index.php\/wp-json\/wp\/v2\/users\/1"}],"replies":[{"embeddable":true,"href":"https:\/\/portaldeyoung.uy\/index.php\/wp-json\/wp\/v2\/comments?post=9351"}],"version-history":[{"count":2,"href":"https:\/\/portaldeyoung.uy\/index.php\/wp-json\/wp\/v2\/posts\/9351\/revisions"}],"predecessor-version":[{"id":9355,"href":"https:\/\/portaldeyoung.uy\/index.php\/wp-json\/wp\/v2\/posts\/9351\/revisions\/9355"}],"wp:featuredmedia":[{"embeddable":true,"href":"https:\/\/portaldeyoung.uy\/index.php\/wp-json\/wp\/v2\/media\/9352"}],"wp:attachment":[{"href":"https:\/\/portaldeyoung.uy\/index.php\/wp-json\/wp\/v2\/media?parent=9351"}],"wp:term":[{"taxonomy":"category","embeddable":true,"href":"https:\/\/portaldeyoung.uy\/index.php\/wp-json\/wp\/v2\/categories?post=9351"},{"taxonomy":"post_tag","embeddable":true,"href":"https:\/\/portaldeyoung.uy\/index.php\/wp-json\/wp\/v2\/tags?post=9351"}],"curies":[{"name":"wp","href":"https:\/\/api.w.org\/{rel}","templated":true}]}}